{"id":3157,"date":"2019-02-08T20:30:39","date_gmt":"2019-02-08T22:30:39","guid":{"rendered":"http:\/\/coronelxavierchaves.mg.gov.br\/prefeitura\/?p=3157"},"modified":"2019-03-21T21:03:49","modified_gmt":"2019-03-22T00:03:49","slug":"contratacao-de-prestacao-de-servicos-de-laboratorio-de-analises-clinicas-pl-11-2019","status":"publish","type":"post","link":"https:\/\/coronelxavierchaves.mg.gov.br\/prefeitura\/2019\/02\/08\/contratacao-de-prestacao-de-servicos-de-laboratorio-de-analises-clinicas-pl-11-2019\/","title":{"rendered":"CONTRATA\u00c7\u00c3O DE PRESTA\u00c7\u00c3O DE SERVI\u00c7OS DE LABORAT\u00d3RIO DE AN\u00c1LISES CL\u00cdNICAS (PL 11\/2019)"},"content":{"rendered":"<blockquote><p>DOWNLOADS<\/p><\/blockquote>\n<ul>\n<li><a href=\"http:\/\/coronelxavierchaves.mg.gov.br\/prefeitura\/wp-content\/uploads\/2019\/02\/04-EDITAL-EXAMES-LABORATORIAIS-2019.pdf\" target=\" rel=\">EDITAL<\/a>, publicado em 08\/02\/2019 \u00e0s 20:29h.<\/li>\n<li><a href=\"http:\/\/coronelxavierchaves.mg.gov.br\/prefeitura\/wp-content\/uploads\/2019\/03\/ATA-DE-REGISTRO-DE-PRE%C3%87OS-LABORAT%C3%93RIO-2019.pdf\" target=\"_blank\" rel=\"noopener\">ATA DE REGISTROS DE PRE\u00c7OS<\/a>, publicado em 15\/03\/2019 \u00e0s 20:36h.<\/li>\n<\/ul>\n<p>&nbsp;<\/p>\n<p>&nbsp;<\/p>\n<blockquote><p>OBJETO<\/p><\/blockquote>\n<p>Contrata\u00e7\u00e3o de Presta\u00e7\u00e3o de Servi\u00e7os de Laborat\u00f3rio de An\u00e1lises Cl\u00ednicas<\/p>\n<p>&nbsp;<\/p>\n<p>&nbsp;<\/p>\n<blockquote><p>RESUMO<\/p><\/blockquote>\n<p>&nbsp;<\/p>\n<table>\n<tbody>\n<tr>\n<td width=\"286\">Processo Licitat\u00f3rio N\u00ba:<strong>11\/2019<\/strong><\/p>\n<p>Preg\u00e3o Presencial N\u00ba:\u00a0<strong>07\/2019<\/strong><\/p>\n<p>Credenciamento:<strong>15\/03\/2019<\/strong><\/p>\n<p>Abertura:<strong>15\/03\/2019<\/strong><\/td>\n<td width=\"367\">Tipo:\u00a0<strong>MENOR PRE\u00c7O (MAIOR DESCONTO SOBRE A TABELA SUS)<\/strong><strong>Credenciamento: \u00e0s<u>08h00min<\/u>, abertura ap\u00f3s o credenciamento.<\/strong><\/p>\n<p>Local:\u00a0<strong>Prefeitura Municipal de Coronel Xavier Chaves<\/strong><\/td>\n<\/tr>\n<\/tbody>\n<\/table>\n<div class=\"printshowonly\">\n<p>*<b>PUBLICA\u00c7\u00c3O<\/b><\/p>\n<ul>\n<li>Um destaque desta publica\u00e7\u00e3o foi gerado na p\u00e1gina inicial do site, dispon\u00edvel at\u00e9 que demais publica\u00e7\u00f5es sejam realizadas.<\/li>\n<li>Uma publica\u00e7\u00e3o permanente foi feita na p\u00e1gina de Editais e Licita\u00e7\u00f5es.<\/li>\n<li>Link para acesso:\u00a0http:\/\/coronelxavierchaves.mg.gov.br\/prefeitura\/wp-json\/wp\/v2\/posts\/3157<\/li>\n<\/ul>\n<\/div>\n","protected":false},"excerpt":{"rendered":"<p>DOWNLOADS EDITAL, publicado em 08\/02\/2019 \u00e0s 20:29h. ATA DE REGISTROS DE PRE\u00c7OS, publicado em 15\/03\/2019 \u00e0s 20:36h. &nbsp; &nbsp; OBJETO Contrata\u00e7\u00e3o de Presta\u00e7\u00e3o de Servi\u00e7os de Laborat\u00f3rio de An\u00e1lises Cl\u00ednicas &nbsp; &nbsp; RESUMO &nbsp; Processo Licitat\u00f3rio N\u00ba:11\/2019 Preg\u00e3o Presencial N\u00ba:\u00a007\/2019 Credenciamento:15\/03\/2019 Abertura:15\/03\/2019 Tipo:\u00a0MENOR PRE\u00c7O (MAIOR DESCONTO SOBRE A TABELA SUS)Credenciamento: \u00e0s08h00min, abertura ap\u00f3s o credenciamento. [&hellip;]<\/p>\n","protected":false},"author":1,"featured_media":737,"comment_status":"open","ping_status":"open","sticky":false,"template":"","format":"standard","meta":{"footnotes":"","_links_to":"","_links_to_target":""},"categories":[43],"tags":[],"class_list":{"0":"post-3157","1":"post","2":"type-post","3":"status-publish","4":"format-standard","5":"has-post-thumbnail","7":"category-editais-de-licitacao-2019"},"_links":{"self":[{"href":"https:\/\/coronelxavierchaves.mg.gov.br\/prefeitura\/wp-json\/wp\/v2\/posts\/3157","targetHints":{"allow":["GET"]}}],"collection":[{"href":"https:\/\/coronelxavierchaves.mg.gov.br\/prefeitura\/wp-json\/wp\/v2\/posts"}],"about":[{"href":"https:\/\/coronelxavierchaves.mg.gov.br\/prefeitura\/wp-json\/wp\/v2\/types\/post"}],"author":[{"embeddable":true,"href":"https:\/\/coronelxavierchaves.mg.gov.br\/prefeitura\/wp-json\/wp\/v2\/users\/1"}],"replies":[{"embeddable":true,"href":"https:\/\/coronelxavierchaves.mg.gov.br\/prefeitura\/wp-json\/wp\/v2\/comments?post=3157"}],"version-history":[{"count":0,"href":"https:\/\/coronelxavierchaves.mg.gov.br\/prefeitura\/wp-json\/wp\/v2\/posts\/3157\/revisions"}],"wp:featuredmedia":[{"embeddable":true,"href":"https:\/\/coronelxavierchaves.mg.gov.br\/prefeitura\/wp-json\/wp\/v2\/media\/737"}],"wp:attachment":[{"href":"https:\/\/coronelxavierchaves.mg.gov.br\/prefeitura\/wp-json\/wp\/v2\/media?parent=3157"}],"wp:term":[{"taxonomy":"category","embeddable":true,"href":"https:\/\/coronelxavierchaves.mg.gov.br\/prefeitura\/wp-json\/wp\/v2\/categories?post=3157"},{"taxonomy":"post_tag","embeddable":true,"href":"https:\/\/coronelxavierchaves.mg.gov.br\/prefeitura\/wp-json\/wp\/v2\/tags?post=3157"}],"curies":[{"name":"wp","href":"https:\/\/api.w.org\/{rel}","templated":true}]}}