{"id":3176,"date":"2019-02-18T21:44:39","date_gmt":"2019-02-19T00:44:39","guid":{"rendered":"http:\/\/coronelxavierchaves.mg.gov.br\/prefeitura\/?p=3176"},"modified":"2019-06-26T21:27:49","modified_gmt":"2019-06-27T00:27:49","slug":"processo-seletivo-simplificado-001-2019","status":"publish","type":"post","link":"https:\/\/coronelxavierchaves.mg.gov.br\/prefeitura\/2019\/02\/18\/processo-seletivo-simplificado-001-2019\/","title":{"rendered":"PROCESSO SELETIVO SIMPLIFICADO 001\/2019"},"content":{"rendered":"<blockquote><p>DOWNLOADS<\/p><\/blockquote>\n<ul>\n<li><a href=\"http:\/\/coronelxavierchaves.mg.gov.br\/prefeitura\/wp-content\/uploads\/2019\/02\/EDITALCONTRATA\u00c7\u00c3O-TEMPOR\u00c1RIA-2019-CXC-1.pdf\" target=\"_blank\" rel=\"noopener\">EDITAL<\/a>, publicado em 18\/02\/2019 \u00e0s 21:37h.<\/li>\n<\/ul>\n<p>&nbsp;<\/p>\n<ul>\n<li><a href=\"http:\/\/coronelxavierchaves.mg.gov.br\/prefeitura\/wp-content\/uploads\/2019\/03\/COMUNICADO-.pdf\" target=\"_blank\" rel=\"noopener\">COMUNICADO<\/a>, publicado em 08\/03\/2019 \u00e0s 23:39h.<\/li>\n<li><a href=\"http:\/\/coronelxavierchaves.mg.gov.br\/prefeitura\/wp-content\/uploads\/2019\/03\/RESULTADO.pdf\" target=\"_blank\" rel=\"noopener\">RESULTADO<\/a>, publicado em 12\/03\/2019 \u00e0s 11:15h.<\/li>\n<li>FORMUL\u00c1RIO DE RECURSO: <a href=\"http:\/\/coronelxavierchaves.mg.gov.br\/prefeitura\/wp-content\/uploads\/2019\/03\/Formul\u00e1rio-recurso.pdf\">PDF<\/a> &#8211; <a href=\"http:\/\/coronelxavierchaves.mg.gov.br\/prefeitura\/wp-content\/uploads\/2019\/03\/Formul\u00e1rio-recurso.doc\">DOC<\/a>, publicado em 12\/03\/2019 \u00e0s 11:15h.<\/li>\n<\/ul>\n<p>&nbsp;<\/p>\n<ul>\n<li><a href=\"http:\/\/coronelxavierchaves.mg.gov.br\/prefeitura\/wp-content\/uploads\/2019\/03\/Resultado-Final.pdf\" target=\"_blank\" rel=\"noopener\">RESULTADO FINAL<\/a>, publicado em 15\/03\/2019 \u00e0s 21:55h.<\/li>\n<li><a href=\"http:\/\/coronelxavierchaves.mg.gov.br\/prefeitura\/wp-content\/uploads\/2019\/03\/Raz\u00f5es-dos-recursos.pdf\" target=\"_blank\" rel=\"noopener\">RESPOSTAS AOS RECURSOS<\/a>, publicado em 15\/03\/2019 \u00e0s 21:55h.<\/li>\n<\/ul>\n<p>&nbsp;<\/p>\n<ul>\n<li><a href=\"http:\/\/coronelxavierchaves.mg.gov.br\/prefeitura\/wp-content\/uploads\/2019\/06\/EDITAL-DE-CONVOCA\u00c7\u00c3O-PSIC\u00d3LOGA-PROCESSO-SELETIVO-01-2019.pdf\" target=\"_blank\" rel=\"noopener\">EDITAL DE CONVOCA\u00c7\u00c3O: PSIC\u00d3LOGA<\/a>, publicado em 25\/06\/2019 \u00e0s 21:51h.<\/li>\n<\/ul>\n<p>&nbsp;<\/p>\n<p>&nbsp;<\/p>\n<blockquote><p>RESUMO<\/p><\/blockquote>\n<p>A Prefeitura Municipal de Coronel Xavier Chaves torna p\u00fablico a realiza\u00e7\u00e3o de Processo Seletivo Simplificado, para contrata\u00e7\u00e3o por tempo determinado, para atender \u00e0 necessidade tempor\u00e1ria de excepcional interesse p\u00fablico e suprir car\u00eancias provis\u00f3rias e a falta de candidatos concursados e\/ou habilitados, com sustenta\u00e7\u00e3o legal na Lei Municipal 977\/2011 de 08 de novembro de 2011 e normas estabelecidas neste edital.<\/p>\n<p>&nbsp;<\/p>\n<div class=\"printshowonly\">\n<p>*<b>PUBLICA\u00c7\u00c3O<\/b><\/p>\n<ul>\n<li>Um destaque desta publica\u00e7\u00e3o foi gerado na p\u00e1gina inicial do site, dispon\u00edvel at\u00e9 que demais publica\u00e7\u00f5es sejam realizadas.<\/li>\n<li>Uma publica\u00e7\u00e3o permanente foi feita na p\u00e1gina de Editais e Licita\u00e7\u00f5es.<\/li>\n<li>Link para acesso:\u00a0http:\/\/coronelxavierchaves.mg.gov.br\/prefeitura\/wp-json\/wp\/v2\/posts\/3176<\/li>\n<\/ul>\n<\/div>\n","protected":false},"excerpt":{"rendered":"<p>DOWNLOADS EDITAL, publicado em 18\/02\/2019 \u00e0s 21:37h. &nbsp; COMUNICADO, publicado em 08\/03\/2019 \u00e0s 23:39h. RESULTADO, publicado em 12\/03\/2019 \u00e0s 11:15h. FORMUL\u00c1RIO DE RECURSO: PDF &#8211; DOC, publicado em 12\/03\/2019 \u00e0s 11:15h. &nbsp; RESULTADO FINAL, publicado em 15\/03\/2019 \u00e0s 21:55h. RESPOSTAS AOS RECURSOS, publicado em 15\/03\/2019 \u00e0s 21:55h. &nbsp; EDITAL DE CONVOCA\u00c7\u00c3O: PSIC\u00d3LOGA, publicado em 25\/06\/2019 [&hellip;]<\/p>\n","protected":false},"author":1,"featured_media":737,"comment_status":"open","ping_status":"open","sticky":false,"template":"","format":"standard","meta":{"footnotes":"","_links_to":"","_links_to_target":""},"categories":[41],"tags":[],"class_list":{"0":"post-3176","1":"post","2":"type-post","3":"status-publish","4":"format-standard","5":"has-post-thumbnail","7":"category-concursos-e-processos-seletivos-2019"},"_links":{"self":[{"href":"https:\/\/coronelxavierchaves.mg.gov.br\/prefeitura\/wp-json\/wp\/v2\/posts\/3176","targetHints":{"allow":["GET"]}}],"collection":[{"href":"https:\/\/coronelxavierchaves.mg.gov.br\/prefeitura\/wp-json\/wp\/v2\/posts"}],"about":[{"href":"https:\/\/coronelxavierchaves.mg.gov.br\/prefeitura\/wp-json\/wp\/v2\/types\/post"}],"author":[{"embeddable":true,"href":"https:\/\/coronelxavierchaves.mg.gov.br\/prefeitura\/wp-json\/wp\/v2\/users\/1"}],"replies":[{"embeddable":true,"href":"https:\/\/coronelxavierchaves.mg.gov.br\/prefeitura\/wp-json\/wp\/v2\/comments?post=3176"}],"version-history":[{"count":1,"href":"https:\/\/coronelxavierchaves.mg.gov.br\/prefeitura\/wp-json\/wp\/v2\/posts\/3176\/revisions"}],"predecessor-version":[{"id":3877,"href":"https:\/\/coronelxavierchaves.mg.gov.br\/prefeitura\/wp-json\/wp\/v2\/posts\/3176\/revisions\/3877"}],"wp:featuredmedia":[{"embeddable":true,"href":"https:\/\/coronelxavierchaves.mg.gov.br\/prefeitura\/wp-json\/wp\/v2\/media\/737"}],"wp:attachment":[{"href":"https:\/\/coronelxavierchaves.mg.gov.br\/prefeitura\/wp-json\/wp\/v2\/media?parent=3176"}],"wp:term":[{"taxonomy":"category","embeddable":true,"href":"https:\/\/coronelxavierchaves.mg.gov.br\/prefeitura\/wp-json\/wp\/v2\/categories?post=3176"},{"taxonomy":"post_tag","embeddable":true,"href":"https:\/\/coronelxavierchaves.mg.gov.br\/prefeitura\/wp-json\/wp\/v2\/tags?post=3176"}],"curies":[{"name":"wp","href":"https:\/\/api.w.org\/{rel}","templated":true}]}}