{"id":3184,"date":"2019-02-19T21:11:46","date_gmt":"2019-02-20T00:11:46","guid":{"rendered":"http:\/\/coronelxavierchaves.mg.gov.br\/prefeitura\/?p=3184"},"modified":"2019-02-19T21:11:46","modified_gmt":"2019-02-20T00:11:46","slug":"edital-de-convocacao-concurso-001-2017-professor-municipal","status":"publish","type":"post","link":"https:\/\/coronelxavierchaves.mg.gov.br\/prefeitura\/2019\/02\/19\/edital-de-convocacao-concurso-001-2017-professor-municipal\/","title":{"rendered":"EDITAL DE CONVOCA\u00c7\u00c3O CONCURSO 001\/2017: PROFESSOR MUNICIPAL"},"content":{"rendered":"<blockquote><p>DOWNLOADS<\/p><\/blockquote>\n<ul>\n<li><a href=\"http:\/\/coronelxavierchaves.mg.gov.br\/prefeitura\/wp-content\/uploads\/2019\/02\/EDITAL-DE-CONVOCA\u00c7\u00c3O-PROFESSOR-MUNICIPAL-2019.pdf\" target=\"_blank\" rel=\"noopener\">EDITAL<\/a>, publicado em 19\/02\/2019 \u00e0s 21:04h.<\/li>\n<\/ul>\n<p>&nbsp;<\/p>\n<p>&nbsp;<\/p>\n<blockquote><p>RESUMO<\/p><\/blockquote>\n<p>A PREFEITURA MUNICIPAL DE CORONEL XAVIER CHAVES, NOS TERMOS DO ARTIGO 2\u00ba, INCISO I, DA LEI MUNICIPAL 977 DE 08 DE NOVEMBRO DE 2011, VEM ATRAV\u00c9S DO PRESENTE, PUBLICAR EDITAL DE CONVOCA\u00c7\u00c3O PARA 01(UMA) VAGA DE PROFESSOR MUNICIPAL DO 4\u00ba ANO DO TURNO DA MANH\u00c3, PARA CONTRATA\u00c7\u00c3O TEMPOR\u00c1RIA, NO PER\u00cdODO DE 25\/02\/2019 A 29\/03\/2019.<br \/>\nTER\u00c3O PREFER\u00caNCIA NA CONTRATA\u00c7\u00c3O OS PROFESSORES APROVADOS NO CONCURSO P\u00daBLICO 01\/2017 QUE TIVEREM OS REQUISITOS M\u00cdNIMOS PARA PROVIMENTO DO CARGO DE PROFESSOR MUNICIPAL, CONFORME LEI MUNICIPAL 1232, DE 06 DE FEVEREIRO DE 2019, QUE ALTEROU O ANEXO III DA LEI 1155, DE 03 DE FEVEREIRO DE 2017, DEVENDO APRESENTAR OS T\u00cdTULOS NO MOMENTO DA CONVOCA\u00c7\u00c3O.<\/p>\n<p>&nbsp;<\/p>\n<div class=\"printshowonly\">\n<p>*<b>PUBLICA\u00c7\u00c3O<\/b><\/p>\n<ul>\n<li>Um destaque desta publica\u00e7\u00e3o foi gerado na p\u00e1gina inicial do site, dispon\u00edvel at\u00e9 que demais publica\u00e7\u00f5es sejam realizadas.<\/li>\n<li>Uma publica\u00e7\u00e3o permanente foi feita na p\u00e1gina de Editais e Licita\u00e7\u00f5es.<\/li>\n<li>Link para acesso:\u00a0http:\/\/coronelxavierchaves.mg.gov.br\/prefeitura\/wp-json\/wp\/v2\/posts\/3184<\/li>\n<\/ul>\n<\/div>\n","protected":false},"excerpt":{"rendered":"<p>DOWNLOADS EDITAL, publicado em 19\/02\/2019 \u00e0s 21:04h. &nbsp; &nbsp; RESUMO A PREFEITURA MUNICIPAL DE CORONEL XAVIER CHAVES, NOS TERMOS DO ARTIGO 2\u00ba, INCISO I, DA LEI MUNICIPAL 977 DE 08 DE NOVEMBRO DE 2011, VEM ATRAV\u00c9S DO PRESENTE, PUBLICAR EDITAL DE CONVOCA\u00c7\u00c3O PARA 01(UMA) VAGA DE PROFESSOR MUNICIPAL DO 4\u00ba ANO DO TURNO DA MANH\u00c3, [&hellip;]<\/p>\n","protected":false},"author":1,"featured_media":737,"comment_status":"open","ping_status":"open","sticky":false,"template":"","format":"standard","meta":{"footnotes":"","_links_to":"","_links_to_target":""},"categories":[42],"tags":[],"class_list":{"0":"post-3184","1":"post","2":"type-post","3":"status-publish","4":"format-standard","5":"has-post-thumbnail","7":"category-editais-de-convocacao-e-contratacao-2019"},"_links":{"self":[{"href":"https:\/\/coronelxavierchaves.mg.gov.br\/prefeitura\/wp-json\/wp\/v2\/posts\/3184","targetHints":{"allow":["GET"]}}],"collection":[{"href":"https:\/\/coronelxavierchaves.mg.gov.br\/prefeitura\/wp-json\/wp\/v2\/posts"}],"about":[{"href":"https:\/\/coronelxavierchaves.mg.gov.br\/prefeitura\/wp-json\/wp\/v2\/types\/post"}],"author":[{"embeddable":true,"href":"https:\/\/coronelxavierchaves.mg.gov.br\/prefeitura\/wp-json\/wp\/v2\/users\/1"}],"replies":[{"embeddable":true,"href":"https:\/\/coronelxavierchaves.mg.gov.br\/prefeitura\/wp-json\/wp\/v2\/comments?post=3184"}],"version-history":[{"count":0,"href":"https:\/\/coronelxavierchaves.mg.gov.br\/prefeitura\/wp-json\/wp\/v2\/posts\/3184\/revisions"}],"wp:featuredmedia":[{"embeddable":true,"href":"https:\/\/coronelxavierchaves.mg.gov.br\/prefeitura\/wp-json\/wp\/v2\/media\/737"}],"wp:attachment":[{"href":"https:\/\/coronelxavierchaves.mg.gov.br\/prefeitura\/wp-json\/wp\/v2\/media?parent=3184"}],"wp:term":[{"taxonomy":"category","embeddable":true,"href":"https:\/\/coronelxavierchaves.mg.gov.br\/prefeitura\/wp-json\/wp\/v2\/categories?post=3184"},{"taxonomy":"post_tag","embeddable":true,"href":"https:\/\/coronelxavierchaves.mg.gov.br\/prefeitura\/wp-json\/wp\/v2\/tags?post=3184"}],"curies":[{"name":"wp","href":"https:\/\/api.w.org\/{rel}","templated":true}]}}