{"id":3325,"date":"2019-03-21T21:13:53","date_gmt":"2019-03-22T00:13:53","guid":{"rendered":"http:\/\/coronelxavierchaves.mg.gov.br\/prefeitura\/?p=3325"},"modified":"2019-04-04T20:18:42","modified_gmt":"2019-04-04T23:18:42","slug":"aquisicao-parcelada-de-combustiveis-para-a-frota-de-veiculos-da-prefeitura-municipal-pl-13-2019","status":"publish","type":"post","link":"https:\/\/coronelxavierchaves.mg.gov.br\/prefeitura\/2019\/03\/21\/aquisicao-parcelada-de-combustiveis-para-a-frota-de-veiculos-da-prefeitura-municipal-pl-13-2019\/","title":{"rendered":"AQUISI\u00c7\u00c3O PARCELADA DE COMBUST\u00cdVEIS PARA A FROTA DE VE\u00cdCULOS DA PREFEITURA MUNICIPAL (PL 13\/2019)"},"content":{"rendered":"<blockquote><p>DOWNLOADS<\/p><\/blockquote>\n<ul>\n<li><a href=\"http:\/\/coronelxavierchaves.mg.gov.br\/prefeitura\/wp-content\/uploads\/2019\/03\/05-EDITAL-AQUISI\u00c7\u00c3O-COMBUST\u00cdVEL-2019-REPETI\u00c7\u00c3O.pdf\" target=\"_blank\" rel=\"noopener\">EDITAL<\/a>, publicado em 21\/03\/2019 \u00e0s 21:13h.<\/li>\n<li><a href=\"http:\/\/coronelxavierchaves.mg.gov.br\/prefeitura\/wp-content\/uploads\/2019\/04\/07-ATA-DE-HABILITA\u00c7\u00c3O-E-JULGAMENTO-DAS-PROPOSTAS-DESERTA.pdf\" target=\"_blank\" rel=\"noopener\">ATA DE HABILITA\u00c7\u00c3O E JULGAMENTO<\/a>, publicado em 04\/04\/2019 \u00e0s 20:11h.<\/li>\n<\/ul>\n<p>&nbsp;<\/p>\n<p>&nbsp;<\/p>\n<blockquote><p>OBJETO<\/p><\/blockquote>\n<p>AQUISI\u00c7\u00c3O PARCELADA DE COMBUST\u00cdVEIS PARA A FROTA DE VE\u00cdCULOS DA PREFEITURA MUNICIPAL.<\/p>\n<p>&nbsp;<\/p>\n<p>&nbsp;<\/p>\n<blockquote><p>RESUMO<\/p><\/blockquote>\n<table style=\"height: 84px;\">\n<tbody>\n<tr style=\"height: 28px;\">\n<td style=\"padding: 10px; width: 391px; height: 28px;\"><strong>Processo Licitat\u00f3rio N.\u00ba<\/strong>: 13\/2019<\/td>\n<td style=\"padding: 10px; height: 28px; width: 391px;\"><strong>Preg\u00e3o Presencial N.\u00ba<\/strong>: 09\/2019<\/td>\n<\/tr>\n<tr style=\"height: 28px;\">\n<td style=\"padding: 10px; height: 28px; width: 391px;\"><strong>Credenciamento<\/strong>: 03\/04\/2019 \u00e0s 08h00min<\/td>\n<td style=\"padding: 10px; height: 28px; width: 391px;\"><strong>Abertura<\/strong>: 04\/03\/2019 ap\u00f3s o credenciamento<\/td>\n<\/tr>\n<tr style=\"height: 28px;\">\n<td style=\"padding: 10px; height: 28px; width: 391px;\"><strong>Tipo<\/strong>: Menor pre\u00e7o por item<\/td>\n<td style=\"padding: 10px; height: 28px; width: 391px;\"><strong>Local<\/strong>: Prefeitura Municipal de Coronel Xavier Chaves<\/td>\n<\/tr>\n<\/tbody>\n<\/table>\n<div class=\"printshowonly\">\n<p>*<b>PUBLICA\u00c7\u00c3O<\/b><\/p>\n<ul>\n<li>Um destaque desta publica\u00e7\u00e3o foi gerado na p\u00e1gina inicial do site, dispon\u00edvel at\u00e9 que demais publica\u00e7\u00f5es sejam realizadas.<\/li>\n<li>Uma publica\u00e7\u00e3o permanente foi feita na p\u00e1gina de Editais e Licita\u00e7\u00f5es.<\/li>\n<li>Link para acesso:\u00a0http:\/\/coronelxavierchaves.mg.gov.br\/prefeitura\/wp-json\/wp\/v2\/posts\/3325<\/li>\n<\/ul>\n<\/div>\n","protected":false},"excerpt":{"rendered":"<p>DOWNLOADS EDITAL, publicado em 21\/03\/2019 \u00e0s 21:13h. ATA DE HABILITA\u00c7\u00c3O E JULGAMENTO, publicado em 04\/04\/2019 \u00e0s 20:11h. &nbsp; &nbsp; OBJETO AQUISI\u00c7\u00c3O PARCELADA DE COMBUST\u00cdVEIS PARA A FROTA DE VE\u00cdCULOS DA PREFEITURA MUNICIPAL. &nbsp; &nbsp; RESUMO Processo Licitat\u00f3rio N.\u00ba: 13\/2019 Preg\u00e3o Presencial N.\u00ba: 09\/2019 Credenciamento: 03\/04\/2019 \u00e0s 08h00min Abertura: 04\/03\/2019 ap\u00f3s o credenciamento Tipo: Menor pre\u00e7o [&hellip;]<\/p>\n","protected":false},"author":1,"featured_media":737,"comment_status":"open","ping_status":"open","sticky":false,"template":"","format":"standard","meta":{"footnotes":"","_links_to":"","_links_to_target":""},"categories":[43],"tags":[],"class_list":{"0":"post-3325","1":"post","2":"type-post","3":"status-publish","4":"format-standard","5":"has-post-thumbnail","7":"category-editais-de-licitacao-2019"},"_links":{"self":[{"href":"https:\/\/coronelxavierchaves.mg.gov.br\/prefeitura\/wp-json\/wp\/v2\/posts\/3325","targetHints":{"allow":["GET"]}}],"collection":[{"href":"https:\/\/coronelxavierchaves.mg.gov.br\/prefeitura\/wp-json\/wp\/v2\/posts"}],"about":[{"href":"https:\/\/coronelxavierchaves.mg.gov.br\/prefeitura\/wp-json\/wp\/v2\/types\/post"}],"author":[{"embeddable":true,"href":"https:\/\/coronelxavierchaves.mg.gov.br\/prefeitura\/wp-json\/wp\/v2\/users\/1"}],"replies":[{"embeddable":true,"href":"https:\/\/coronelxavierchaves.mg.gov.br\/prefeitura\/wp-json\/wp\/v2\/comments?post=3325"}],"version-history":[{"count":0,"href":"https:\/\/coronelxavierchaves.mg.gov.br\/prefeitura\/wp-json\/wp\/v2\/posts\/3325\/revisions"}],"wp:featuredmedia":[{"embeddable":true,"href":"https:\/\/coronelxavierchaves.mg.gov.br\/prefeitura\/wp-json\/wp\/v2\/media\/737"}],"wp:attachment":[{"href":"https:\/\/coronelxavierchaves.mg.gov.br\/prefeitura\/wp-json\/wp\/v2\/media?parent=3325"}],"wp:term":[{"taxonomy":"category","embeddable":true,"href":"https:\/\/coronelxavierchaves.mg.gov.br\/prefeitura\/wp-json\/wp\/v2\/categories?post=3325"},{"taxonomy":"post_tag","embeddable":true,"href":"https:\/\/coronelxavierchaves.mg.gov.br\/prefeitura\/wp-json\/wp\/v2\/tags?post=3325"}],"curies":[{"name":"wp","href":"https:\/\/api.w.org\/{rel}","templated":true}]}}