{"id":3383,"date":"2019-04-02T09:40:15","date_gmt":"2019-04-02T12:40:15","guid":{"rendered":"http:\/\/coronelxavierchaves.mg.gov.br\/prefeitura\/?p=3383"},"modified":"2020-05-05T16:08:19","modified_gmt":"2020-05-05T19:08:19","slug":"edital-de-contratacao-de-profissional-nutricionista-para-prestar-servicos-na-secretaria-municipal-de-saude-pl-15-2019","status":"publish","type":"post","link":"https:\/\/coronelxavierchaves.mg.gov.br\/prefeitura\/2019\/04\/02\/edital-de-contratacao-de-profissional-nutricionista-para-prestar-servicos-na-secretaria-municipal-de-saude-pl-15-2019\/","title":{"rendered":"EDITAL DE CONTRATA\u00c7\u00c3O DE PROFISSIONAL NUTRICIONISTA PARA PRESTAR SERVI\u00c7OS NA SECRETARIA MUNICIPAL DE SA\u00daDE (PL 15\/2019)"},"content":{"rendered":"<blockquote><p>DOWNLOADS<\/p><\/blockquote>\n<ul>\n<li><a href=\"http:\/\/coronelxavierchaves.mg.gov.br\/prefeitura\/wp-content\/uploads\/2019\/04\/05-EDITAL-PRESTA\u00c7\u00c3O-DE-SERVI\u00c7O-NUTRICIONISTA-2019.pdf\" target=\"_blank\" rel=\"noopener noreferrer\">EDITAL<\/a>, publicado em 02\/04\/2019 \u00e0s 09:39h.<\/li>\n<li><a href=\"http:\/\/coronelxavierchaves.mg.gov.br\/prefeitura\/wp-content\/uploads\/2019\/04\/11-CONTRATO-NUTRICIONISTA.pdf\" target=\"_blank\" rel=\"noopener noreferrer\">CONTRATO<\/a>, publicado em 29\/04\/2019 \u00e0s 19:47h.<\/li>\n<li><a href=\"http:\/\/coronelxavierchaves.mg.gov.br\/prefeitura\/wp-content\/uploads\/2019\/04\/1\u00ba-TERMO-ADITIVO.pdf\">1\u00ba TERMO ADITIVO<\/a>, publicado em 05\/05\/2020 \u00e0s 16:08h.<\/li>\n<\/ul>\n<p>&nbsp;<\/p>\n<p>&nbsp;<\/p>\n<blockquote><p>OBJETO<\/p><\/blockquote>\n<p>CONTRATA\u00c7\u00c3O DE PROFISSIONAL NUTRICIONISTA PARA PRESTAR SERVI\u00c7OS NA SECRETARIA MUNICIPAL DE SA\u00daDE, COM CARGA HOR\u00c1RIA DE 24 HORAS SEMANAIS (96 HORAS MENSAIS) POR UM PER\u00cdODO DE 12 MESES.<\/p>\n<p>&nbsp;<\/p>\n<p>&nbsp;<\/p>\n<blockquote><p>RESUMO<\/p><\/blockquote>\n<table>\n<tbody>\n<tr>\n<td style=\"padding: 10px; width: 50%;\"><strong>Processo Licitat\u00f3rio N.\u00ba<\/strong>: 15\/2019<\/td>\n<td style=\"padding: 10px;\"><strong>Preg\u00e3o Presencial N.\u00ba<\/strong>: 10\/2019<\/td>\n<\/tr>\n<tr>\n<td style=\"padding: 10px;\"><strong>Credenciamento<\/strong>: 23\/04\/2019 \u00e0s 08h00min<\/td>\n<td style=\"padding: 10px;\"><strong>Abertura<\/strong>: 23\/04\/2019 ap\u00f3s o credenciamento<\/td>\n<\/tr>\n<tr>\n<td style=\"padding: 10px;\"><strong>Tipo<\/strong>: MENOR PRE\u00c7O UNIT\u00c1RIO DO ITEM<\/td>\n<td style=\"padding: 10px;\"><strong>Local<\/strong>: Prefeitura Municipal de Coronel Xavier Chaves<\/td>\n<\/tr>\n<\/tbody>\n<\/table>\n<p>&nbsp;<\/p>\n<p>&nbsp;<\/p>\n<div class=\"printshowonly\">\n<p>*<b>PUBLICA\u00c7\u00c3O<\/b><\/p>\n<ul>\n<li>Um destaque desta publica\u00e7\u00e3o foi gerado na p\u00e1gina inicial do site, dispon\u00edvel at\u00e9 que demais publica\u00e7\u00f5es sejam realizadas.<\/li>\n<li>Uma publica\u00e7\u00e3o permanente foi feita na p\u00e1gina de Editais e Licita\u00e7\u00f5es.<\/li>\n<li>Link para acesso:\u00a0http:\/\/coronelxavierchaves.mg.gov.br\/prefeitura\/wp-json\/wp\/v2\/posts\/3383<\/li>\n<\/ul>\n<\/div>\n","protected":false},"excerpt":{"rendered":"<p>DOWNLOADS EDITAL, publicado em 02\/04\/2019 \u00e0s 09:39h. CONTRATO, publicado em 29\/04\/2019 \u00e0s 19:47h. 1\u00ba TERMO ADITIVO, publicado em 05\/05\/2020 \u00e0s 16:08h. &nbsp; &nbsp; OBJETO CONTRATA\u00c7\u00c3O DE PROFISSIONAL NUTRICIONISTA PARA PRESTAR SERVI\u00c7OS NA SECRETARIA MUNICIPAL DE SA\u00daDE, COM CARGA HOR\u00c1RIA DE 24 HORAS SEMANAIS (96 HORAS MENSAIS) POR UM PER\u00cdODO DE 12 MESES. &nbsp; &nbsp; RESUMO [&hellip;]<\/p>\n","protected":false},"author":1,"featured_media":737,"comment_status":"open","ping_status":"open","sticky":false,"template":"","format":"standard","meta":{"footnotes":"","_links_to":"","_links_to_target":""},"categories":[43],"tags":[],"class_list":{"0":"post-3383","1":"post","2":"type-post","3":"status-publish","4":"format-standard","5":"has-post-thumbnail","7":"category-editais-de-licitacao-2019"},"_links":{"self":[{"href":"https:\/\/coronelxavierchaves.mg.gov.br\/prefeitura\/wp-json\/wp\/v2\/posts\/3383","targetHints":{"allow":["GET"]}}],"collection":[{"href":"https:\/\/coronelxavierchaves.mg.gov.br\/prefeitura\/wp-json\/wp\/v2\/posts"}],"about":[{"href":"https:\/\/coronelxavierchaves.mg.gov.br\/prefeitura\/wp-json\/wp\/v2\/types\/post"}],"author":[{"embeddable":true,"href":"https:\/\/coronelxavierchaves.mg.gov.br\/prefeitura\/wp-json\/wp\/v2\/users\/1"}],"replies":[{"embeddable":true,"href":"https:\/\/coronelxavierchaves.mg.gov.br\/prefeitura\/wp-json\/wp\/v2\/comments?post=3383"}],"version-history":[{"count":1,"href":"https:\/\/coronelxavierchaves.mg.gov.br\/prefeitura\/wp-json\/wp\/v2\/posts\/3383\/revisions"}],"predecessor-version":[{"id":6354,"href":"https:\/\/coronelxavierchaves.mg.gov.br\/prefeitura\/wp-json\/wp\/v2\/posts\/3383\/revisions\/6354"}],"wp:featuredmedia":[{"embeddable":true,"href":"https:\/\/coronelxavierchaves.mg.gov.br\/prefeitura\/wp-json\/wp\/v2\/media\/737"}],"wp:attachment":[{"href":"https:\/\/coronelxavierchaves.mg.gov.br\/prefeitura\/wp-json\/wp\/v2\/media?parent=3383"}],"wp:term":[{"taxonomy":"category","embeddable":true,"href":"https:\/\/coronelxavierchaves.mg.gov.br\/prefeitura\/wp-json\/wp\/v2\/categories?post=3383"},{"taxonomy":"post_tag","embeddable":true,"href":"https:\/\/coronelxavierchaves.mg.gov.br\/prefeitura\/wp-json\/wp\/v2\/tags?post=3383"}],"curies":[{"name":"wp","href":"https:\/\/api.w.org\/{rel}","templated":true}]}}