{"id":3430,"date":"2019-04-08T20:12:57","date_gmt":"2019-04-08T23:12:57","guid":{"rendered":"http:\/\/coronelxavierchaves.mg.gov.br\/prefeitura\/?p=3430"},"modified":"2023-07-26T15:14:21","modified_gmt":"2023-07-26T18:14:21","slug":"processo-seletivo-para-conselheiros-tutelares","status":"publish","type":"post","link":"https:\/\/coronelxavierchaves.mg.gov.br\/prefeitura\/2019\/04\/08\/processo-seletivo-para-conselheiros-tutelares\/","title":{"rendered":"PROCESSO SELETIVO PARA CONSELHEIROS TUTELARES"},"content":{"rendered":"<blockquote><p>DOWNLOADS<\/p><\/blockquote>\n<ul>\n<li><a href=\"http:\/\/coronelxavierchaves.mg.gov.br\/prefeitura\/wp-content\/uploads\/2019\/04\/PUBLICACAO.pdf\" target=\"_blank\" rel=\"noopener\">EDITAL<\/a>, publicado em 08\/04\/2019 \u00e0s 19:49h.<\/li>\n<li><a href=\"http:\/\/coronelxavierchaves.mg.gov.br\/prefeitura\/wp-content\/uploads\/2019\/04\/RESOLUCAO-1.pdf\" target=\"_blank\" rel=\"noopener\">RESOLU\u00c7\u00c3O<\/a>, publicado em 08\/04\/2019 \u00e0s 19:49h.<\/li>\n<li><a href=\"http:\/\/coronelxavierchaves.mg.gov.br\/prefeitura\/wp-content\/uploads\/2019\/04\/CONVOCACAO-SUPLENTE-CON.-TUTELAR-2021.pdf\">EDITAL DE CONVOCA\u00c7\u00c3O: SUPLENTE CON. TUTELAR<\/a>, publicado em 05\/01\/2021 \u00e0s 14:14h.<\/li>\n<li><a href=\"http:\/\/coronelxavierchaves.mg.gov.br\/prefeitura\/wp-content\/uploads\/2022\/01\/CONVOCACAO-SUPLENTE-CON.-TUTELAR.pdf\">EDITAL DE CONVOCA\u00c7\u00c3O: SUPLENTE CON. TUTELAR<\/a>, publicado em 07\/01\/2022 \u00e0s 15:57h.<\/li>\n<li><a href=\"http:\/\/coronelxavierchaves.mg.gov.br\/prefeitura\/wp-content\/uploads\/2022\/03\/CONVOCACAO-SUPLENTE-CON.-TUTELAR-2.pdf\">EDITAL DE CONVOCA\u00c7\u00c3O: SUPLENTE CON. TUTELAR<\/a>, publicado em 08\/03\/2022 \u00e0s 15:59h.<\/li>\n<li><a href=\"http:\/\/coronelxavierchaves.mg.gov.br\/prefeitura\/wp-content\/uploads\/2022\/04\/CONVOCACAO-SUPLENTE-CON.-TUTELAR-21.pdf\">EDITAL DE CONVOCA\u00c7\u00c3O: SUPLENTE CON. TUTELAR<\/a>, publicado em 20\/04\/2022 \u00e0s 15:11h.<\/li>\n<li><a href=\"http:\/\/coronelxavierchaves.mg.gov.br\/prefeitura\/wp-content\/uploads\/2022\/07\/CONVOCACAO-SUPLENTE-CON.-TUTELAR-3.pdf\">EDITAL DE CONVOCA\u00c7\u00c3O: SUPLENTE CON. TUTELAR<\/a>, publicado em 06\/07\/2022 \u00e0s 16:05h.<\/li>\n<li><a href=\"http:\/\/coronelxavierchaves.mg.gov.br\/prefeitura\/wp-content\/uploads\/2022\/07\/CONVOCACAO-SUPLENTE-CON.-TUTELAR-3.pdf\">EDITAL DE CONVOCA\u00c7\u00c3O: SUPLENTE CON. TUTELAR<\/a>, publicado em 02\/01\/2023 \u00e0s 12:08h.<\/li>\n<li><a href=\"https:\/\/coronelxavierchaves.mg.gov.br\/prefeitura\/wp-content\/uploads\/2023\/07\/CONVOCACAO-SUPLENTE-CON.-TUTELAR.pdf\">EDITAL DE CONVOCA\u00c7\u00c3O: SUPLENTE CON. TUTELAR<\/a>, publicado em 26\/07\/2023 \u00e0s 15:14h.<\/li>\n<\/ul>\n<p>&nbsp;<\/p>\n<blockquote><p>RESUMO<\/p><\/blockquote>\n<p>&nbsp;<\/p>\n<p><img loading=\"lazy\" decoding=\"async\" class=\"size-full wp-image-3434 aligncenter\" src=\"http:\/\/coronelxavierchaves.mg.gov.br\/prefeitura\/wp-content\/uploads\/2019\/04\/Capturar.png\" alt=\"\" width=\"659\" height=\"352\" srcset=\"https:\/\/coronelxavierchaves.mg.gov.br\/prefeitura\/wp-content\/uploads\/2019\/04\/Capturar.png 659w, https:\/\/coronelxavierchaves.mg.gov.br\/prefeitura\/wp-content\/uploads\/2019\/04\/Capturar-300x160.png 300w\" sizes=\"auto, (max-width: 659px) 100vw, 659px\" \/><\/p>\n<p>&nbsp;<\/p>\n<div class=\"printshowonly\">\n<p>*<b>PUBLICA\u00c7\u00c3O<\/b><\/p>\n<ul>\n<li>Um destaque desta publica\u00e7\u00e3o foi gerado na p\u00e1gina inicial do site, dispon\u00edvel at\u00e9 que demais publica\u00e7\u00f5es sejam realizadas.<\/li>\n<li>Uma publica\u00e7\u00e3o permanente foi feita na p\u00e1gina de Editais e Licita\u00e7\u00f5es.<\/li>\n<li>Link para acesso:\u00a0http:\/\/coronelxavierchaves.mg.gov.br\/prefeitura\/wp-json\/wp\/v2\/posts\/3430<\/li>\n<\/ul>\n<\/div>\n","protected":false},"excerpt":{"rendered":"<p>DOWNLOADS EDITAL, publicado em 08\/04\/2019 \u00e0s 19:49h. RESOLU\u00c7\u00c3O, publicado em 08\/04\/2019 \u00e0s 19:49h. EDITAL DE CONVOCA\u00c7\u00c3O: SUPLENTE CON. TUTELAR, publicado em 05\/01\/2021 \u00e0s 14:14h. EDITAL DE CONVOCA\u00c7\u00c3O: SUPLENTE CON. TUTELAR, publicado em 07\/01\/2022 \u00e0s 15:57h. EDITAL DE CONVOCA\u00c7\u00c3O: SUPLENTE CON. TUTELAR, publicado em 08\/03\/2022 \u00e0s 15:59h. EDITAL DE CONVOCA\u00c7\u00c3O: SUPLENTE CON. TUTELAR, publicado em 20\/04\/2022 [&hellip;]<\/p>\n","protected":false},"author":1,"featured_media":737,"comment_status":"open","ping_status":"open","sticky":false,"template":"","format":"standard","meta":{"footnotes":"","_links_to":"","_links_to_target":""},"categories":[41],"tags":[],"class_list":{"0":"post-3430","1":"post","2":"type-post","3":"status-publish","4":"format-standard","5":"has-post-thumbnail","7":"category-concursos-e-processos-seletivos-2019"},"_links":{"self":[{"href":"https:\/\/coronelxavierchaves.mg.gov.br\/prefeitura\/wp-json\/wp\/v2\/posts\/3430","targetHints":{"allow":["GET"]}}],"collection":[{"href":"https:\/\/coronelxavierchaves.mg.gov.br\/prefeitura\/wp-json\/wp\/v2\/posts"}],"about":[{"href":"https:\/\/coronelxavierchaves.mg.gov.br\/prefeitura\/wp-json\/wp\/v2\/types\/post"}],"author":[{"embeddable":true,"href":"https:\/\/coronelxavierchaves.mg.gov.br\/prefeitura\/wp-json\/wp\/v2\/users\/1"}],"replies":[{"embeddable":true,"href":"https:\/\/coronelxavierchaves.mg.gov.br\/prefeitura\/wp-json\/wp\/v2\/comments?post=3430"}],"version-history":[{"count":8,"href":"https:\/\/coronelxavierchaves.mg.gov.br\/prefeitura\/wp-json\/wp\/v2\/posts\/3430\/revisions"}],"predecessor-version":[{"id":17440,"href":"https:\/\/coronelxavierchaves.mg.gov.br\/prefeitura\/wp-json\/wp\/v2\/posts\/3430\/revisions\/17440"}],"wp:featuredmedia":[{"embeddable":true,"href":"https:\/\/coronelxavierchaves.mg.gov.br\/prefeitura\/wp-json\/wp\/v2\/media\/737"}],"wp:attachment":[{"href":"https:\/\/coronelxavierchaves.mg.gov.br\/prefeitura\/wp-json\/wp\/v2\/media?parent=3430"}],"wp:term":[{"taxonomy":"category","embeddable":true,"href":"https:\/\/coronelxavierchaves.mg.gov.br\/prefeitura\/wp-json\/wp\/v2\/categories?post=3430"},{"taxonomy":"post_tag","embeddable":true,"href":"https:\/\/coronelxavierchaves.mg.gov.br\/prefeitura\/wp-json\/wp\/v2\/tags?post=3430"}],"curies":[{"name":"wp","href":"https:\/\/api.w.org\/{rel}","templated":true}]}}