{"id":3438,"date":"2019-04-10T20:34:35","date_gmt":"2019-04-10T23:34:35","guid":{"rendered":"http:\/\/coronelxavierchaves.mg.gov.br\/prefeitura\/?p=3438"},"modified":"2019-05-01T18:45:11","modified_gmt":"2019-05-01T21:45:11","slug":"aquisicao-de-material-de-consumo-medico-hospitalar-pl-18-2019","status":"publish","type":"post","link":"https:\/\/coronelxavierchaves.mg.gov.br\/prefeitura\/2019\/04\/10\/aquisicao-de-material-de-consumo-medico-hospitalar-pl-18-2019\/","title":{"rendered":"AQUISI\u00c7\u00c3O DE MATERIAL DE CONSUMO M\u00c9DICO-HOSPITALAR (PL 18\/2019)"},"content":{"rendered":"<blockquote><p>DOWNLOADS<\/p><\/blockquote>\n<ul>\n<li><a href=\"http:\/\/coronelxavierchaves.mg.gov.br\/prefeitura\/wp-content\/uploads\/2019\/04\/07-EDITAL-RETIFICADO-AQUISI\u00c7\u00c3O-MATERIAL-HOSPITALAR-2019.pdf\" target=\"_blank\" rel=\"noopener\">EDITAL<\/a>, publicado em 10\/04\/2019 \u00e0s 20:30h, retificado em 26\/04\/2019 \u00e0s 20:08h<\/li>\n<li><a href=\"http:\/\/coronelxavierchaves.mg.gov.br\/prefeitura\/wp-content\/uploads\/2019\/04\/06-ERRATA-AQUISI\u00c7\u00c3O-MATERIAL-HOSPITALAR-2019.pdf\" target=\"_blank\" rel=\"noopener\">ERRATA DE AQUISI\u00c7\u00c3O<\/a>, publicado em 26\/04\/2019 \u00e0s 20:08h.<\/li>\n<li><a href=\"http:\/\/coronelxavierchaves.mg.gov.br\/prefeitura\/wp-content\/uploads\/2019\/04\/ATA-DE-REGISTRO-DE-PRE\u00c7O-AQUIS-MATERIAL-HOSPITALAR-2019.pdf\" target=\"_blank\" rel=\"noopener\">ATA DE REGISTRO DE PRE\u00c7OS<\/a>, publicado em 30\/04\/2019 \u00e0s 20:41h.<\/li>\n<\/ul>\n<p>&nbsp;<\/p>\n<p>&nbsp;<\/p>\n<blockquote><p>OBJETO<\/p><\/blockquote>\n<p>A PRESENTE LICITA\u00c7\u00c3O TEM POR OBJETO O REGISTRO DE PRE\u00c7OS COM VISTAS \u00c0 FUTURA E EVENTUAL AQUISI\u00c7\u00c3O DE MATERIAL DE CONSUMO M\u00c9DICO-HOSPITALAR, PARA UTILIZA\u00c7\u00c3O DAS UNIDADES DE SA\u00daDE DO MUNIC\u00cdPIO, CONFORME CONDI\u00c7\u00d5ES E ESPECIFICA\u00c7\u00d5ES CONSTANTES NO TERMO DE REFER\u00caNCIA.<\/p>\n<p>&nbsp;<\/p>\n<p>&nbsp;<\/p>\n<blockquote><p>RESUMO<\/p><\/blockquote>\n<table>\n<tbody>\n<tr>\n<td style=\"padding: 10px; width: 50%;\"><strong>Processo Licitat\u00f3rio N.\u00ba<\/strong>: 18\/2019<\/td>\n<td style=\"padding: 10px;\"><strong>Preg\u00e3o Presencial N.\u00ba<\/strong>: 13\/2019<\/td>\n<\/tr>\n<tr>\n<td style=\"padding: 10px;\"><strong>Credenciamento<\/strong>: 30\/04\/2019 \u00e0s 08h00min<\/td>\n<td style=\"padding: 10px;\"><strong>Abertura<\/strong>: 30\/04\/2019 ap\u00f3s o credenciamento<\/td>\n<\/tr>\n<tr>\n<td style=\"padding: 10px;\"><strong>Tipo<\/strong>: MENOR PRE\u00c7O POR ITEM MEIO DESCONTO NO CAT\u00c1LOGO DA REVISTA SIMPRO)<\/td>\n<td style=\"padding: 10px;\"><strong>Local<\/strong>: Prefeitura Municipal de Coronel Xavier Chaves<\/td>\n<\/tr>\n<\/tbody>\n<\/table>\n<p>&nbsp;<\/p>\n<div class=\"printshowonly\">\n<p>*<b>PUBLICA\u00c7\u00c3O<\/b><\/p>\n<ul>\n<li>Um destaque desta publica\u00e7\u00e3o foi gerado na p\u00e1gina inicial do site, dispon\u00edvel at\u00e9 que demais publica\u00e7\u00f5es sejam realizadas.<\/li>\n<li>Uma publica\u00e7\u00e3o permanente foi feita na p\u00e1gina de Editais e Licita\u00e7\u00f5es.<\/li>\n<li>Link para acesso:\u00a0http:\/\/coronelxavierchaves.mg.gov.br\/prefeitura\/wp-json\/wp\/v2\/posts\/3438<\/li>\n<\/ul>\n<\/div>\n","protected":false},"excerpt":{"rendered":"<p>DOWNLOADS EDITAL, publicado em 10\/04\/2019 \u00e0s 20:30h, retificado em 26\/04\/2019 \u00e0s 20:08h ERRATA DE AQUISI\u00c7\u00c3O, publicado em 26\/04\/2019 \u00e0s 20:08h. ATA DE REGISTRO DE PRE\u00c7OS, publicado em 30\/04\/2019 \u00e0s 20:41h. &nbsp; &nbsp; OBJETO A PRESENTE LICITA\u00c7\u00c3O TEM POR OBJETO O REGISTRO DE PRE\u00c7OS COM VISTAS \u00c0 FUTURA E EVENTUAL AQUISI\u00c7\u00c3O DE MATERIAL DE CONSUMO M\u00c9DICO-HOSPITALAR, [&hellip;]<\/p>\n","protected":false},"author":1,"featured_media":737,"comment_status":"open","ping_status":"open","sticky":false,"template":"","format":"standard","meta":{"footnotes":"","_links_to":"","_links_to_target":""},"categories":[43],"tags":[],"class_list":{"0":"post-3438","1":"post","2":"type-post","3":"status-publish","4":"format-standard","5":"has-post-thumbnail","7":"category-editais-de-licitacao-2019"},"_links":{"self":[{"href":"https:\/\/coronelxavierchaves.mg.gov.br\/prefeitura\/wp-json\/wp\/v2\/posts\/3438","targetHints":{"allow":["GET"]}}],"collection":[{"href":"https:\/\/coronelxavierchaves.mg.gov.br\/prefeitura\/wp-json\/wp\/v2\/posts"}],"about":[{"href":"https:\/\/coronelxavierchaves.mg.gov.br\/prefeitura\/wp-json\/wp\/v2\/types\/post"}],"author":[{"embeddable":true,"href":"https:\/\/coronelxavierchaves.mg.gov.br\/prefeitura\/wp-json\/wp\/v2\/users\/1"}],"replies":[{"embeddable":true,"href":"https:\/\/coronelxavierchaves.mg.gov.br\/prefeitura\/wp-json\/wp\/v2\/comments?post=3438"}],"version-history":[{"count":2,"href":"https:\/\/coronelxavierchaves.mg.gov.br\/prefeitura\/wp-json\/wp\/v2\/posts\/3438\/revisions"}],"predecessor-version":[{"id":3555,"href":"https:\/\/coronelxavierchaves.mg.gov.br\/prefeitura\/wp-json\/wp\/v2\/posts\/3438\/revisions\/3555"}],"wp:featuredmedia":[{"embeddable":true,"href":"https:\/\/coronelxavierchaves.mg.gov.br\/prefeitura\/wp-json\/wp\/v2\/media\/737"}],"wp:attachment":[{"href":"https:\/\/coronelxavierchaves.mg.gov.br\/prefeitura\/wp-json\/wp\/v2\/media?parent=3438"}],"wp:term":[{"taxonomy":"category","embeddable":true,"href":"https:\/\/coronelxavierchaves.mg.gov.br\/prefeitura\/wp-json\/wp\/v2\/categories?post=3438"},{"taxonomy":"post_tag","embeddable":true,"href":"https:\/\/coronelxavierchaves.mg.gov.br\/prefeitura\/wp-json\/wp\/v2\/tags?post=3438"}],"curies":[{"name":"wp","href":"https:\/\/api.w.org\/{rel}","templated":true}]}}