{"id":3631,"date":"2019-05-21T20:46:04","date_gmt":"2019-05-21T23:46:04","guid":{"rendered":"http:\/\/coronelxavierchaves.mg.gov.br\/prefeitura\/?p=3631"},"modified":"2019-05-21T20:51:23","modified_gmt":"2019-05-21T23:51:23","slug":"edital-de-convocacao-de-aprovados-em-concurso-publico-01-2017-nutricionista-2","status":"publish","type":"post","link":"https:\/\/coronelxavierchaves.mg.gov.br\/prefeitura\/2019\/05\/21\/edital-de-convocacao-de-aprovados-em-concurso-publico-01-2017-nutricionista-2\/","title":{"rendered":"EDITAL DE CONVOCA\u00c7\u00c3O DE APROVADOS EM CONCURSO P\u00daBLICO 01\/2017: NUTRICIONISTA"},"content":{"rendered":"<blockquote><p>DOWNLOADS<\/p><\/blockquote>\n<ul>\n<li><a href=\"http:\/\/coronelxavierchaves.mg.gov.br\/prefeitura\/wp-content\/uploads\/2019\/05\/EDITAL-DE-CONVOCA\u00c7\u00c3O-DE-EFETIVOS-CONCURSO-NUTRICIONISTA-3.pdf\" target=\"_blank\" rel=\"noopener\">EDITAL DE CONVOCA\u00c7\u00c3O: NUTRICIONISTA<\/a>, publicado em 21\/05\/2019 \u00e0s 20:42h.<\/li>\n<\/ul>\n<p>&nbsp;<\/p>\n<p>&nbsp;<\/p>\n<blockquote><p>OBJETO<\/p><\/blockquote>\n<p>A CONVOCADA SE INTERESSAR \u00c0 CONTRATA\u00c7\u00c3O DEVER\u00c1 COMPARECER NO SETOR DE PESSOAL DA PREFEITURA MUNICIPAL, NA RUA PADRE REIS, N\u00ba 84, CENTRO, CORONEL XAVIER CHAVES, MG, AT\u00c9 O DIA 22 DE MAIO DE 2019, AT\u00c9 AS 16HS, MANIFESTANDO INTERESSE EM TOMAR POSSE NO CARGO NO DIA 03 DE JUNHO DE 2019.<\/p>\n<p>&nbsp;<\/p>\n<div class=\"printshowonly\">\n<p>*<b>PUBLICA\u00c7\u00c3O<\/b><\/p>\n<ul>\n<li>Um destaque desta publica\u00e7\u00e3o foi gerado na p\u00e1gina inicial do site, dispon\u00edvel at\u00e9 que demais publica\u00e7\u00f5es sejam realizadas.<\/li>\n<li>Uma publica\u00e7\u00e3o permanente foi feita na p\u00e1gina de Editais e Licita\u00e7\u00f5es.<\/li>\n<li>Link para acesso:\u00a0http:\/\/coronelxavierchaves.mg.gov.br\/prefeitura\/wp-json\/wp\/v2\/posts\/3631<\/li>\n<\/ul>\n<\/div>\n","protected":false},"excerpt":{"rendered":"<p>DOWNLOADS EDITAL DE CONVOCA\u00c7\u00c3O: NUTRICIONISTA, publicado em 21\/05\/2019 \u00e0s 20:42h. &nbsp; &nbsp; OBJETO A CONVOCADA SE INTERESSAR \u00c0 CONTRATA\u00c7\u00c3O DEVER\u00c1 COMPARECER NO SETOR DE PESSOAL DA PREFEITURA MUNICIPAL, NA RUA PADRE REIS, N\u00ba 84, CENTRO, CORONEL XAVIER CHAVES, MG, AT\u00c9 O DIA 22 DE MAIO DE 2019, AT\u00c9 AS 16HS, MANIFESTANDO INTERESSE EM TOMAR POSSE [&hellip;]<\/p>\n","protected":false},"author":1,"featured_media":737,"comment_status":"open","ping_status":"open","sticky":false,"template":"","format":"standard","meta":{"footnotes":"","_links_to":"","_links_to_target":""},"categories":[42],"tags":[],"class_list":{"0":"post-3631","1":"post","2":"type-post","3":"status-publish","4":"format-standard","5":"has-post-thumbnail","7":"category-editais-de-convocacao-e-contratacao-2019"},"_links":{"self":[{"href":"https:\/\/coronelxavierchaves.mg.gov.br\/prefeitura\/wp-json\/wp\/v2\/posts\/3631","targetHints":{"allow":["GET"]}}],"collection":[{"href":"https:\/\/coronelxavierchaves.mg.gov.br\/prefeitura\/wp-json\/wp\/v2\/posts"}],"about":[{"href":"https:\/\/coronelxavierchaves.mg.gov.br\/prefeitura\/wp-json\/wp\/v2\/types\/post"}],"author":[{"embeddable":true,"href":"https:\/\/coronelxavierchaves.mg.gov.br\/prefeitura\/wp-json\/wp\/v2\/users\/1"}],"replies":[{"embeddable":true,"href":"https:\/\/coronelxavierchaves.mg.gov.br\/prefeitura\/wp-json\/wp\/v2\/comments?post=3631"}],"version-history":[{"count":2,"href":"https:\/\/coronelxavierchaves.mg.gov.br\/prefeitura\/wp-json\/wp\/v2\/posts\/3631\/revisions"}],"predecessor-version":[{"id":3635,"href":"https:\/\/coronelxavierchaves.mg.gov.br\/prefeitura\/wp-json\/wp\/v2\/posts\/3631\/revisions\/3635"}],"wp:featuredmedia":[{"embeddable":true,"href":"https:\/\/coronelxavierchaves.mg.gov.br\/prefeitura\/wp-json\/wp\/v2\/media\/737"}],"wp:attachment":[{"href":"https:\/\/coronelxavierchaves.mg.gov.br\/prefeitura\/wp-json\/wp\/v2\/media?parent=3631"}],"wp:term":[{"taxonomy":"category","embeddable":true,"href":"https:\/\/coronelxavierchaves.mg.gov.br\/prefeitura\/wp-json\/wp\/v2\/categories?post=3631"},{"taxonomy":"post_tag","embeddable":true,"href":"https:\/\/coronelxavierchaves.mg.gov.br\/prefeitura\/wp-json\/wp\/v2\/tags?post=3631"}],"curies":[{"name":"wp","href":"https:\/\/api.w.org\/{rel}","templated":true}]}}