{"id":3662,"date":"2019-05-24T21:11:53","date_gmt":"2019-05-25T00:11:53","guid":{"rendered":"http:\/\/coronelxavierchaves.mg.gov.br\/prefeitura\/?p=3662"},"modified":"2019-07-01T08:59:23","modified_gmt":"2019-07-01T11:59:23","slug":"edital-de-contratacao-temporaria-002-2019-processo-seletivo-simplificado","status":"publish","type":"post","link":"https:\/\/coronelxavierchaves.mg.gov.br\/prefeitura\/2019\/05\/24\/edital-de-contratacao-temporaria-002-2019-processo-seletivo-simplificado\/","title":{"rendered":"EDITAL DE CONTRATA\u00c7\u00c3O TEMPOR\u00c1RIA 002\/2019: PROCESSO SELETIVO SIMPLIFICADO"},"content":{"rendered":"<blockquote><p>DOWNLOADS<\/p><\/blockquote>\n<ul>\n<li><a href=\"http:\/\/coronelxavierchaves.mg.gov.br\/prefeitura\/wp-content\/uploads\/2019\/05\/EDITALCONTRATA\u00c7\u00c3O-TEMPOR\u00c1RIA-002.2019.pdf\" target=\"_blank\" rel=\"noopener\">EDITAL<\/a>, publicado em 24\/05\/2019 \u00e0s 21:10h.<\/li>\n<li><a href=\"http:\/\/coronelxavierchaves.mg.gov.br\/prefeitura\/wp-content\/uploads\/2019\/06\/RESULTADO-1.pdf\" target=\"_blank\" rel=\"noopener\">RESULTADO<\/a>, publicado em 04\/06\/2019 \u00e0s 21:03h.<\/li>\n<li><a href=\"http:\/\/coronelxavierchaves.mg.gov.br\/prefeitura\/wp-content\/uploads\/2019\/06\/Respostas-Recursos-Processo-Seletivo-002-2019.pdf\" target=\"_blank\" rel=\"noopener\">RESPOSTAS DOS RECURSOS<\/a>, publicado em 11\/06\/2019 \u00e0s 22:05h.<\/li>\n<li><a href=\"http:\/\/coronelxavierchaves.mg.gov.br\/prefeitura\/wp-content\/uploads\/2019\/06\/Resultado-Final-Processo-Seletivo-002-2019.pdf\" target=\"_blank\" rel=\"noopener\">RESULTADO FINAL DO PROCESSO SELETIVO<\/a>, publicado em 11\/06\/2019 \u00e0s 22:05h.<\/li>\n<li><a href=\"http:\/\/coronelxavierchaves.mg.gov.br\/prefeitura\/wp-content\/uploads\/2019\/06\/EDITAL-DE-CONVOCA\u00c7\u00c3O-ACE-PROCESSO-SELETIVO-02-2019.pdf\" target=\"_blank\" rel=\"noopener\">EDITAL DE CONVOCA\u00c7\u00c3O: AGENTE DE COMBATE AS ENDEMIAS<\/a>, publicado em 26\/06\/2019 \u00e0s 21:18h.<\/li>\n<\/ul>\n<p>&nbsp;<\/p>\n<p>&nbsp;<\/p>\n<blockquote><p>RESUMO<\/p><\/blockquote>\n<p>A PREFEITURA MUNICIPAL DE CORONEL XAVIER CHAVES TORNA P\u00daBLICO A REALIZA\u00c7\u00c3O DE PROCESSO SELETIVO SIMPLIFICADO, PARA CONTRATA\u00c7\u00c3O POR TEMPO DETERMINADO, PARA ATENDER \u00c0 NECESSIDADE TEMPOR\u00c1RIA DE EXCEPCIONAL INTERESSE P\u00daBLICO E SUPRIR CAR\u00caNCIAS PROVIS\u00d3RIAS E A FALTA DE CANDIDATOS CONCURSADOS E\/OU HABILITADOS, COM SUSTENTA\u00c7\u00c3O LEGAL NA LEI MUNICIPAL 977\/2011 DE 08 DE NOVEMBRO DE 2011 E NORMAS ESTABELECIDAS NESTE EDITAL.<\/p>\n<div class=\"printshowonly\">\n<p>*<b>PUBLICA\u00c7\u00c3O<\/b><\/p>\n<ul>\n<li>Um destaque desta publica\u00e7\u00e3o foi gerado na p\u00e1gina inicial do site, dispon\u00edvel at\u00e9 que demais publica\u00e7\u00f5es sejam realizadas.<\/li>\n<li>Uma publica\u00e7\u00e3o permanente foi feita na p\u00e1gina de Editais e Licita\u00e7\u00f5es.<\/li>\n<li>Link para acesso:\u00a0http:\/\/coronelxavierchaves.mg.gov.br\/prefeitura\/wp-json\/wp\/v2\/posts\/3662<\/li>\n<\/ul>\n<\/div>\n","protected":false},"excerpt":{"rendered":"<p>DOWNLOADS EDITAL, publicado em 24\/05\/2019 \u00e0s 21:10h. RESULTADO, publicado em 04\/06\/2019 \u00e0s 21:03h. RESPOSTAS DOS RECURSOS, publicado em 11\/06\/2019 \u00e0s 22:05h. RESULTADO FINAL DO PROCESSO SELETIVO, publicado em 11\/06\/2019 \u00e0s 22:05h. EDITAL DE CONVOCA\u00c7\u00c3O: AGENTE DE COMBATE AS ENDEMIAS, publicado em 26\/06\/2019 \u00e0s 21:18h. &nbsp; &nbsp; RESUMO A PREFEITURA MUNICIPAL DE CORONEL XAVIER CHAVES TORNA [&hellip;]<\/p>\n","protected":false},"author":1,"featured_media":737,"comment_status":"open","ping_status":"open","sticky":false,"template":"","format":"standard","meta":{"footnotes":"","_links_to":"","_links_to_target":""},"categories":[41],"tags":[],"class_list":{"0":"post-3662","1":"post","2":"type-post","3":"status-publish","4":"format-standard","5":"has-post-thumbnail","7":"category-concursos-e-processos-seletivos-2019"},"_links":{"self":[{"href":"https:\/\/coronelxavierchaves.mg.gov.br\/prefeitura\/wp-json\/wp\/v2\/posts\/3662","targetHints":{"allow":["GET"]}}],"collection":[{"href":"https:\/\/coronelxavierchaves.mg.gov.br\/prefeitura\/wp-json\/wp\/v2\/posts"}],"about":[{"href":"https:\/\/coronelxavierchaves.mg.gov.br\/prefeitura\/wp-json\/wp\/v2\/types\/post"}],"author":[{"embeddable":true,"href":"https:\/\/coronelxavierchaves.mg.gov.br\/prefeitura\/wp-json\/wp\/v2\/users\/1"}],"replies":[{"embeddable":true,"href":"https:\/\/coronelxavierchaves.mg.gov.br\/prefeitura\/wp-json\/wp\/v2\/comments?post=3662"}],"version-history":[{"count":5,"href":"https:\/\/coronelxavierchaves.mg.gov.br\/prefeitura\/wp-json\/wp\/v2\/posts\/3662\/revisions"}],"predecessor-version":[{"id":3890,"href":"https:\/\/coronelxavierchaves.mg.gov.br\/prefeitura\/wp-json\/wp\/v2\/posts\/3662\/revisions\/3890"}],"wp:featuredmedia":[{"embeddable":true,"href":"https:\/\/coronelxavierchaves.mg.gov.br\/prefeitura\/wp-json\/wp\/v2\/media\/737"}],"wp:attachment":[{"href":"https:\/\/coronelxavierchaves.mg.gov.br\/prefeitura\/wp-json\/wp\/v2\/media?parent=3662"}],"wp:term":[{"taxonomy":"category","embeddable":true,"href":"https:\/\/coronelxavierchaves.mg.gov.br\/prefeitura\/wp-json\/wp\/v2\/categories?post=3662"},{"taxonomy":"post_tag","embeddable":true,"href":"https:\/\/coronelxavierchaves.mg.gov.br\/prefeitura\/wp-json\/wp\/v2\/tags?post=3662"}],"curies":[{"name":"wp","href":"https:\/\/api.w.org\/{rel}","templated":true}]}}