{"id":3678,"date":"2019-05-28T21:18:11","date_gmt":"2019-05-29T00:18:11","guid":{"rendered":"http:\/\/coronelxavierchaves.mg.gov.br\/prefeitura\/?p=3678"},"modified":"2019-07-01T08:48:43","modified_gmt":"2019-07-01T11:48:43","slug":"edital-de-licitacao-aquisicao-de-combustiveis-para-a-frota-de-veiculos-pl-19-2019","status":"publish","type":"post","link":"https:\/\/coronelxavierchaves.mg.gov.br\/prefeitura\/2019\/05\/28\/edital-de-licitacao-aquisicao-de-combustiveis-para-a-frota-de-veiculos-pl-19-2019\/","title":{"rendered":"EDITAL DE LICITA\u00c7\u00c3O: AQUISI\u00c7\u00c3O DE COMBUST\u00cdVEIS PARA A FROTA DE VE\u00cdCULOS (PL 19\/2019)"},"content":{"rendered":"<blockquote><p>DOWNLOADS<\/p><\/blockquote>\n<ul>\n<li><a href=\"http:\/\/coronelxavierchaves.mg.gov.br\/prefeitura\/wp-content\/uploads\/2019\/05\/05-EDITAL-AQUISI\u00c7\u00c3O-COMBUST\u00cdVEL-2019-REPETI\u00c7\u00c3O-1.pdf\" target=\"_blank\" rel=\"noopener\">EDITAL: AQUISI\u00c7\u00c3O DE COMBUST\u00cdVEL<\/a>, publicado em 28\/05\/2019 \u00e0s 21:17h.<\/li>\n<li><a href=\"http:\/\/coronelxavierchaves.mg.gov.br\/prefeitura\/wp-content\/uploads\/2019\/06\/11-ATA-DE-REGISTRO-DE-PRE\u00c7OS-AQUIS-COMBUSTIVEIS-2019.pdf\" target=\"_blank\" rel=\"noopener\">ATA<\/a>, publicado em 26\/06\/2019 \u00e0s 21:09h.<\/li>\n<\/ul>\n<p>&nbsp;<\/p>\n<p>&nbsp;<\/p>\n<blockquote><p>OBJETO<\/p><\/blockquote>\n<p>AQUISI\u00c7\u00c3O PARCELADA DE COMBUST\u00cdVEL PARA A FROTA DE VE\u00cdCULOS DA PREFEITURA MUNICIPAL.<\/p>\n<p>&nbsp;<\/p>\n<p>&nbsp;<\/p>\n<blockquote><p>RESUMO<\/p><\/blockquote>\n<table>\n<tbody>\n<tr>\n<td style=\"padding: 10px; width: 50%;\"><strong>Processo Licitat\u00f3rio N.\u00ba<\/strong>: 19\/2019<\/td>\n<td style=\"padding: 10px;\"><strong>Preg\u00e3o Presencial N.\u00ba<\/strong>: 14\/2019<\/td>\n<\/tr>\n<tr>\n<td style=\"padding: 10px;\"><strong>Credenciamento<\/strong>: 11\/06\/2019 \u00e0s 08h00min<\/td>\n<td style=\"padding: 10px;\"><strong>Abertura<\/strong>: 11\/06\/2019 ap\u00f3s o credenciamento<\/td>\n<\/tr>\n<tr>\n<td style=\"padding: 10px;\"><strong>Tipo<\/strong>: MENOR PRE\u00c7O POR ITEM<\/td>\n<td style=\"padding: 10px;\"><strong>Local<\/strong>: Prefeitura Municipal de Coronel Xavier Chaves<\/td>\n<\/tr>\n<\/tbody>\n<\/table>\n<div class=\"printshowonly\">\n<p>*<b>PUBLICA\u00c7\u00c3O<\/b><\/p>\n<ul>\n<li>Um destaque desta publica\u00e7\u00e3o foi gerado na p\u00e1gina inicial do site, dispon\u00edvel at\u00e9 que demais publica\u00e7\u00f5es sejam realizadas.<\/li>\n<li>Uma publica\u00e7\u00e3o permanente foi feita na p\u00e1gina de Editais e Licita\u00e7\u00f5es.<\/li>\n<li>Link para acesso:\u00a0http:\/\/coronelxavierchaves.mg.gov.br\/prefeitura\/wp-json\/wp\/v2\/posts\/3678<\/li>\n<\/ul>\n<\/div>\n","protected":false},"excerpt":{"rendered":"<p>DOWNLOADS EDITAL: AQUISI\u00c7\u00c3O DE COMBUST\u00cdVEL, publicado em 28\/05\/2019 \u00e0s 21:17h. ATA, publicado em 26\/06\/2019 \u00e0s 21:09h. &nbsp; &nbsp; OBJETO AQUISI\u00c7\u00c3O PARCELADA DE COMBUST\u00cdVEL PARA A FROTA DE VE\u00cdCULOS DA PREFEITURA MUNICIPAL. &nbsp; &nbsp; RESUMO Processo Licitat\u00f3rio N.\u00ba: 19\/2019 Preg\u00e3o Presencial N.\u00ba: 14\/2019 Credenciamento: 11\/06\/2019 \u00e0s 08h00min Abertura: 11\/06\/2019 ap\u00f3s o credenciamento Tipo: MENOR PRE\u00c7O POR [&hellip;]<\/p>\n","protected":false},"author":1,"featured_media":737,"comment_status":"open","ping_status":"open","sticky":false,"template":"","format":"standard","meta":{"footnotes":"","_links_to":"","_links_to_target":""},"categories":[43],"tags":[],"class_list":{"0":"post-3678","1":"post","2":"type-post","3":"status-publish","4":"format-standard","5":"has-post-thumbnail","7":"category-editais-de-licitacao-2019"},"_links":{"self":[{"href":"https:\/\/coronelxavierchaves.mg.gov.br\/prefeitura\/wp-json\/wp\/v2\/posts\/3678","targetHints":{"allow":["GET"]}}],"collection":[{"href":"https:\/\/coronelxavierchaves.mg.gov.br\/prefeitura\/wp-json\/wp\/v2\/posts"}],"about":[{"href":"https:\/\/coronelxavierchaves.mg.gov.br\/prefeitura\/wp-json\/wp\/v2\/types\/post"}],"author":[{"embeddable":true,"href":"https:\/\/coronelxavierchaves.mg.gov.br\/prefeitura\/wp-json\/wp\/v2\/users\/1"}],"replies":[{"embeddable":true,"href":"https:\/\/coronelxavierchaves.mg.gov.br\/prefeitura\/wp-json\/wp\/v2\/comments?post=3678"}],"version-history":[{"count":3,"href":"https:\/\/coronelxavierchaves.mg.gov.br\/prefeitura\/wp-json\/wp\/v2\/posts\/3678\/revisions"}],"predecessor-version":[{"id":3887,"href":"https:\/\/coronelxavierchaves.mg.gov.br\/prefeitura\/wp-json\/wp\/v2\/posts\/3678\/revisions\/3887"}],"wp:featuredmedia":[{"embeddable":true,"href":"https:\/\/coronelxavierchaves.mg.gov.br\/prefeitura\/wp-json\/wp\/v2\/media\/737"}],"wp:attachment":[{"href":"https:\/\/coronelxavierchaves.mg.gov.br\/prefeitura\/wp-json\/wp\/v2\/media?parent=3678"}],"wp:term":[{"taxonomy":"category","embeddable":true,"href":"https:\/\/coronelxavierchaves.mg.gov.br\/prefeitura\/wp-json\/wp\/v2\/categories?post=3678"},{"taxonomy":"post_tag","embeddable":true,"href":"https:\/\/coronelxavierchaves.mg.gov.br\/prefeitura\/wp-json\/wp\/v2\/tags?post=3678"}],"curies":[{"name":"wp","href":"https:\/\/api.w.org\/{rel}","templated":true}]}}