{"id":3845,"date":"2019-06-25T21:57:17","date_gmt":"2019-06-26T00:57:17","guid":{"rendered":"http:\/\/coronelxavierchaves.mg.gov.br\/prefeitura\/?p=3845"},"modified":"2019-06-26T21:12:34","modified_gmt":"2019-06-27T00:12:34","slug":"edital-de-convocacao-do-processo-seletivo-01-2019-psicologo","status":"publish","type":"post","link":"https:\/\/coronelxavierchaves.mg.gov.br\/prefeitura\/2019\/06\/25\/edital-de-convocacao-do-processo-seletivo-01-2019-psicologo\/","title":{"rendered":"EDITAL DE CONVOCA\u00c7\u00c3O DO PROCESSO SELETIVO 01\/2019: PSIC\u00d3LOGO"},"content":{"rendered":"<blockquote><p>DOWNLOADS<\/p><\/blockquote>\n<ul>\n<li><a href=\"http:\/\/coronelxavierchaves.mg.gov.br\/prefeitura\/wp-content\/uploads\/2019\/06\/EDITAL-DE-CONVOCA\u00c7\u00c3O-PSIC\u00d3LOGA-PROCESSO-SELETIVO-01-2019.pdf\" target=\"_blank\" rel=\"noopener\">EDITAL DE CONVOCA\u00c7\u00c3O: PSIC\u00d3LOGA<\/a>, publicado em 25\/06\/2019 \u00e0s 21:51h.<\/li>\n<\/ul>\n<p>&nbsp;<\/p>\n<p>&nbsp;<\/p>\n<blockquote><p>RESUMO<\/p><\/blockquote>\n<p>A PREFEITURA MUNICIPAL DE CORONEL XAVIER CHAVES, NOS TERMOS DO ARTIGO 2\u00ba, INCISO I, DA LEI MUNICIPAL 977 DE 08 DE NOVEMBRO DE 2011, VEM ATRAV\u00c9S DO PRESENTE, PUBLICAR NOVO EDITAL DE CONVOCA\u00c7\u00c3O PARA 01(UMA) VAGA DE PSIC\u00d3LOGO PARA CONTRATA\u00c7\u00c3O TEMPOR\u00c1RIA, PARA CONTRATA\u00c7\u00c3O DE 01\/07\/2019 AT\u00c9 31\/12\/2019, PODENDO SER PRORROGADA.<\/p>\n<div class=\"printshowonly\">\n<p>*<b>PUBLICA\u00c7\u00c3O<\/b><\/p>\n<ul>\n<li>Um destaque desta publica\u00e7\u00e3o foi gerado na p\u00e1gina inicial do site, dispon\u00edvel at\u00e9 que demais publica\u00e7\u00f5es sejam realizadas.<\/li>\n<li>Uma publica\u00e7\u00e3o permanente foi feita na p\u00e1gina de Editais e Licita\u00e7\u00f5es.<\/li>\n<li>Link para acesso:\u00a0http:\/\/coronelxavierchaves.mg.gov.br\/prefeitura\/wp-json\/wp\/v2\/posts\/3845<\/li>\n<\/ul>\n<\/div>\n","protected":false},"excerpt":{"rendered":"<p>DOWNLOADS EDITAL DE CONVOCA\u00c7\u00c3O: PSIC\u00d3LOGA, publicado em 25\/06\/2019 \u00e0s 21:51h. &nbsp; &nbsp; RESUMO A PREFEITURA MUNICIPAL DE CORONEL XAVIER CHAVES, NOS TERMOS DO ARTIGO 2\u00ba, INCISO I, DA LEI MUNICIPAL 977 DE 08 DE NOVEMBRO DE 2011, VEM ATRAV\u00c9S DO PRESENTE, PUBLICAR NOVO EDITAL DE CONVOCA\u00c7\u00c3O PARA 01(UMA) VAGA DE PSIC\u00d3LOGO PARA CONTRATA\u00c7\u00c3O TEMPOR\u00c1RIA, PARA [&hellip;]<\/p>\n","protected":false},"author":1,"featured_media":737,"comment_status":"open","ping_status":"open","sticky":false,"template":"","format":"standard","meta":{"footnotes":"","_links_to":"","_links_to_target":""},"categories":[42],"tags":[],"class_list":{"0":"post-3845","1":"post","2":"type-post","3":"status-publish","4":"format-standard","5":"has-post-thumbnail","7":"category-editais-de-convocacao-e-contratacao-2019"},"_links":{"self":[{"href":"https:\/\/coronelxavierchaves.mg.gov.br\/prefeitura\/wp-json\/wp\/v2\/posts\/3845","targetHints":{"allow":["GET"]}}],"collection":[{"href":"https:\/\/coronelxavierchaves.mg.gov.br\/prefeitura\/wp-json\/wp\/v2\/posts"}],"about":[{"href":"https:\/\/coronelxavierchaves.mg.gov.br\/prefeitura\/wp-json\/wp\/v2\/types\/post"}],"author":[{"embeddable":true,"href":"https:\/\/coronelxavierchaves.mg.gov.br\/prefeitura\/wp-json\/wp\/v2\/users\/1"}],"replies":[{"embeddable":true,"href":"https:\/\/coronelxavierchaves.mg.gov.br\/prefeitura\/wp-json\/wp\/v2\/comments?post=3845"}],"version-history":[{"count":3,"href":"https:\/\/coronelxavierchaves.mg.gov.br\/prefeitura\/wp-json\/wp\/v2\/posts\/3845\/revisions"}],"predecessor-version":[{"id":3873,"href":"https:\/\/coronelxavierchaves.mg.gov.br\/prefeitura\/wp-json\/wp\/v2\/posts\/3845\/revisions\/3873"}],"wp:featuredmedia":[{"embeddable":true,"href":"https:\/\/coronelxavierchaves.mg.gov.br\/prefeitura\/wp-json\/wp\/v2\/media\/737"}],"wp:attachment":[{"href":"https:\/\/coronelxavierchaves.mg.gov.br\/prefeitura\/wp-json\/wp\/v2\/media?parent=3845"}],"wp:term":[{"taxonomy":"category","embeddable":true,"href":"https:\/\/coronelxavierchaves.mg.gov.br\/prefeitura\/wp-json\/wp\/v2\/categories?post=3845"},{"taxonomy":"post_tag","embeddable":true,"href":"https:\/\/coronelxavierchaves.mg.gov.br\/prefeitura\/wp-json\/wp\/v2\/tags?post=3845"}],"curies":[{"name":"wp","href":"https:\/\/api.w.org\/{rel}","templated":true}]}}