{"id":3874,"date":"2019-06-26T21:24:09","date_gmt":"2019-06-27T00:24:09","guid":{"rendered":"http:\/\/coronelxavierchaves.mg.gov.br\/prefeitura\/?p=3874"},"modified":"2019-07-01T08:58:13","modified_gmt":"2019-07-01T11:58:13","slug":"edital-de-convocacao-processo-seletivo-02-2019-agente-de-combate-as-endemias","status":"publish","type":"post","link":"https:\/\/coronelxavierchaves.mg.gov.br\/prefeitura\/2019\/06\/26\/edital-de-convocacao-processo-seletivo-02-2019-agente-de-combate-as-endemias\/","title":{"rendered":"EDITAL DE CONVOCA\u00c7\u00c3O PROCESSO SELETIVO 002\/2019: AGENTE DE COMBATE \u00c0S ENDEMIAS"},"content":{"rendered":"<blockquote><p>DOWNLOADS<\/p><\/blockquote>\n<ul>\n<li><a href=\"http:\/\/coronelxavierchaves.mg.gov.br\/prefeitura\/wp-content\/uploads\/2019\/06\/EDITAL-DE-CONVOCA\u00c7\u00c3O-ACE-PROCESSO-SELETIVO-02-2019.pdf\" target=\"_blank\" rel=\"noopener\">EDITAL DE CONVOCA\u00c7\u00c3O: AGENTE DE COMBATE AS ENDEMIAS<\/a>, publicado em 26\/06\/2019 \u00e0s 21:18h.<\/li>\n<\/ul>\n<p>&nbsp;<\/p>\n<p>&nbsp;<\/p>\n<blockquote><p>RESUMO<\/p><\/blockquote>\n<p>A PREFEITURA MUNICIPAL DE CORONEL XAVIER CHAVES, NOS TERMOS DO ARTIGO 2\u00ba, INCISO I, DA LEI MUNICIPAL 977 DE 08 DE NOVEMBRO DE 2011, VEM ATRAV\u00c9S DO PRESENTE, PUBLICAR NOVO EDITAL DE CONVOCA\u00c7\u00c3O PARA 01(UMA) VAGA DE AGENTE DE COMBATE \u00c0S ENDEMIAS, PARA CONTRATA\u00c7\u00c3O TEMPOR\u00c1RIA DECORRENTE DO AFASTAMENTO DA TITULAR ROSIMEIRE AP. BERALDO BATISTA, PARA CONTRATA\u00c7\u00c3O IMEDIATA AT\u00c9 31\/12\/2019, PODENDO SER PRORROGADA.<\/p>\n<p>&nbsp;<\/p>\n<div class=\"printshowonly\">\n<p>*<b>PUBLICA\u00c7\u00c3O<\/b><\/p>\n<ul>\n<li>Um destaque desta publica\u00e7\u00e3o foi gerado na p\u00e1gina inicial do site, dispon\u00edvel at\u00e9 que demais publica\u00e7\u00f5es sejam realizadas.<\/li>\n<li>Uma publica\u00e7\u00e3o permanente foi feita na p\u00e1gina de Editais e Licita\u00e7\u00f5es.<\/li>\n<li>Link para acesso:\u00a0http:\/\/coronelxavierchaves.mg.gov.br\/prefeitura\/wp-json\/wp\/v2\/posts\/3874<\/li>\n<\/ul>\n<\/div>\n","protected":false},"excerpt":{"rendered":"<p>DOWNLOADS EDITAL DE CONVOCA\u00c7\u00c3O: AGENTE DE COMBATE AS ENDEMIAS, publicado em 26\/06\/2019 \u00e0s 21:18h. &nbsp; &nbsp; RESUMO A PREFEITURA MUNICIPAL DE CORONEL XAVIER CHAVES, NOS TERMOS DO ARTIGO 2\u00ba, INCISO I, DA LEI MUNICIPAL 977 DE 08 DE NOVEMBRO DE 2011, VEM ATRAV\u00c9S DO PRESENTE, PUBLICAR NOVO EDITAL DE CONVOCA\u00c7\u00c3O PARA 01(UMA) VAGA DE AGENTE [&hellip;]<\/p>\n","protected":false},"author":1,"featured_media":737,"comment_status":"open","ping_status":"open","sticky":false,"template":"","format":"standard","meta":{"footnotes":"","_links_to":"","_links_to_target":""},"categories":[42],"tags":[],"class_list":{"0":"post-3874","1":"post","2":"type-post","3":"status-publish","4":"format-standard","5":"has-post-thumbnail","7":"category-editais-de-convocacao-e-contratacao-2019"},"_links":{"self":[{"href":"https:\/\/coronelxavierchaves.mg.gov.br\/prefeitura\/wp-json\/wp\/v2\/posts\/3874","targetHints":{"allow":["GET"]}}],"collection":[{"href":"https:\/\/coronelxavierchaves.mg.gov.br\/prefeitura\/wp-json\/wp\/v2\/posts"}],"about":[{"href":"https:\/\/coronelxavierchaves.mg.gov.br\/prefeitura\/wp-json\/wp\/v2\/types\/post"}],"author":[{"embeddable":true,"href":"https:\/\/coronelxavierchaves.mg.gov.br\/prefeitura\/wp-json\/wp\/v2\/users\/1"}],"replies":[{"embeddable":true,"href":"https:\/\/coronelxavierchaves.mg.gov.br\/prefeitura\/wp-json\/wp\/v2\/comments?post=3874"}],"version-history":[{"count":3,"href":"https:\/\/coronelxavierchaves.mg.gov.br\/prefeitura\/wp-json\/wp\/v2\/posts\/3874\/revisions"}],"predecessor-version":[{"id":3889,"href":"https:\/\/coronelxavierchaves.mg.gov.br\/prefeitura\/wp-json\/wp\/v2\/posts\/3874\/revisions\/3889"}],"wp:featuredmedia":[{"embeddable":true,"href":"https:\/\/coronelxavierchaves.mg.gov.br\/prefeitura\/wp-json\/wp\/v2\/media\/737"}],"wp:attachment":[{"href":"https:\/\/coronelxavierchaves.mg.gov.br\/prefeitura\/wp-json\/wp\/v2\/media?parent=3874"}],"wp:term":[{"taxonomy":"category","embeddable":true,"href":"https:\/\/coronelxavierchaves.mg.gov.br\/prefeitura\/wp-json\/wp\/v2\/categories?post=3874"},{"taxonomy":"post_tag","embeddable":true,"href":"https:\/\/coronelxavierchaves.mg.gov.br\/prefeitura\/wp-json\/wp\/v2\/tags?post=3874"}],"curies":[{"name":"wp","href":"https:\/\/api.w.org\/{rel}","templated":true}]}}