{"id":3933,"date":"2019-07-16T21:56:38","date_gmt":"2019-07-17T00:56:38","guid":{"rendered":"http:\/\/coronelxavierchaves.mg.gov.br\/prefeitura\/?p=3933"},"modified":"2019-07-31T17:12:34","modified_gmt":"2019-07-31T20:12:34","slug":"aquisicao-parcelada-de-gas-de-cozinha-glp-pl-22-2019","status":"publish","type":"post","link":"https:\/\/coronelxavierchaves.mg.gov.br\/prefeitura\/2019\/07\/16\/aquisicao-parcelada-de-gas-de-cozinha-glp-pl-22-2019\/","title":{"rendered":"AQUISI\u00c7\u00c3O PARCELADA DE G\u00c1S DE COZINHA (GLP) (PL 22\/2019)"},"content":{"rendered":"<blockquote><p>DOWNLOADS<\/p><\/blockquote>\n<ul>\n<li><a href=\"http:\/\/coronelxavierchaves.mg.gov.br\/prefeitura\/wp-content\/uploads\/2019\/07\/6-EDITAL-AQUISI\u00c7\u00c3O-G\u00c1S-RP-2019-1.pdf\" target=\"_blank\" rel=\"noopener\">EDITAL<\/a>, publicado em 16\/07\/2019 \u00e0s 21:55h.<\/li>\n<\/ul>\n<ul>\n<li><a href=\"http:\/\/coronelxavierchaves.mg.gov.br\/prefeitura\/wp-content\/uploads\/2019\/07\/ATA-DE-REGISTRO-DE-PRE\u00c7OS.pdf\" target=\"_blank\" rel=\"noopener\">ATA DE REGISTRO DE PRE\u00c7OS<\/a>, publicado em 31\/07\/2019 \u00e0s 17:08h.<\/li>\n<\/ul>\n<p>&nbsp;<\/p>\n<p>&nbsp;<\/p>\n<blockquote><p>OBJETO<\/p><\/blockquote>\n<p>AQUISI\u00c7\u00c3O PARCELADA DE G\u00c1S DE COZINHA (GLP)<\/p>\n<p>&nbsp;<\/p>\n<p>&nbsp;<\/p>\n<blockquote><p>RESUMO<\/p><\/blockquote>\n<table>\n<tbody>\n<tr>\n<td width=\"307\">Processo Licitat\u00f3rio n\u00ba:\u00a0<strong>22\/2019<\/strong><\/p>\n<p>Preg\u00e3o Presencial n\u00ba:\u00a0<strong>16\/2019<\/strong><\/p>\n<p>Credenciamento:<strong>\u00a030\/07\/2019<\/strong><\/p>\n<p>Abertura:\u00a0<strong>30\/07\/2019<\/strong><\/td>\n<td width=\"301\">Tipo:\u00a0<strong>MENOR PRE\u00c7O POR ITEM<\/strong><\/p>\n<p>Hor\u00e1rio de abertura:\u00a0<strong>Ap\u00f3s o credenciamento<\/strong><\/p>\n<p>Local:\u00a0<strong>Prefeitura Municipal de Coronel Xavier Chaves<\/strong><\/td>\n<\/tr>\n<\/tbody>\n<\/table>\n<p>&nbsp;<\/p>\n<p>&nbsp;<\/p>\n<div class=\"printshowonly\">\n<p>*<b>PUBLICA\u00c7\u00c3O<\/b><\/p>\n<ul>\n<li>Um destaque desta publica\u00e7\u00e3o foi gerado na p\u00e1gina inicial do site, dispon\u00edvel at\u00e9 que demais publica\u00e7\u00f5es sejam realizadas.<\/li>\n<li>Uma publica\u00e7\u00e3o permanente foi feita na p\u00e1gina de Editais e Licita\u00e7\u00f5es.<\/li>\n<li>Link para acesso:\u00a0http:\/\/coronelxavierchaves.mg.gov.br\/prefeitura\/wp-json\/wp\/v2\/posts\/3933<\/li>\n<\/ul>\n<\/div>\n","protected":false},"excerpt":{"rendered":"<p>DOWNLOADS EDITAL, publicado em 16\/07\/2019 \u00e0s 21:55h. ATA DE REGISTRO DE PRE\u00c7OS, publicado em 31\/07\/2019 \u00e0s 17:08h. &nbsp; &nbsp; OBJETO AQUISI\u00c7\u00c3O PARCELADA DE G\u00c1S DE COZINHA (GLP) &nbsp; &nbsp; RESUMO Processo Licitat\u00f3rio n\u00ba:\u00a022\/2019 Preg\u00e3o Presencial n\u00ba:\u00a016\/2019 Credenciamento:\u00a030\/07\/2019 Abertura:\u00a030\/07\/2019 Tipo:\u00a0MENOR PRE\u00c7O POR ITEM Hor\u00e1rio de abertura:\u00a0Ap\u00f3s o credenciamento Local:\u00a0Prefeitura Municipal de Coronel Xavier Chaves &nbsp; &nbsp; [&hellip;]<\/p>\n","protected":false},"author":1,"featured_media":737,"comment_status":"open","ping_status":"open","sticky":false,"template":"","format":"standard","meta":{"footnotes":"","_links_to":"","_links_to_target":""},"categories":[43],"tags":[],"class_list":{"0":"post-3933","1":"post","2":"type-post","3":"status-publish","4":"format-standard","5":"has-post-thumbnail","7":"category-editais-de-licitacao-2019"},"_links":{"self":[{"href":"https:\/\/coronelxavierchaves.mg.gov.br\/prefeitura\/wp-json\/wp\/v2\/posts\/3933","targetHints":{"allow":["GET"]}}],"collection":[{"href":"https:\/\/coronelxavierchaves.mg.gov.br\/prefeitura\/wp-json\/wp\/v2\/posts"}],"about":[{"href":"https:\/\/coronelxavierchaves.mg.gov.br\/prefeitura\/wp-json\/wp\/v2\/types\/post"}],"author":[{"embeddable":true,"href":"https:\/\/coronelxavierchaves.mg.gov.br\/prefeitura\/wp-json\/wp\/v2\/users\/1"}],"replies":[{"embeddable":true,"href":"https:\/\/coronelxavierchaves.mg.gov.br\/prefeitura\/wp-json\/wp\/v2\/comments?post=3933"}],"version-history":[{"count":2,"href":"https:\/\/coronelxavierchaves.mg.gov.br\/prefeitura\/wp-json\/wp\/v2\/posts\/3933\/revisions"}],"predecessor-version":[{"id":4051,"href":"https:\/\/coronelxavierchaves.mg.gov.br\/prefeitura\/wp-json\/wp\/v2\/posts\/3933\/revisions\/4051"}],"wp:featuredmedia":[{"embeddable":true,"href":"https:\/\/coronelxavierchaves.mg.gov.br\/prefeitura\/wp-json\/wp\/v2\/media\/737"}],"wp:attachment":[{"href":"https:\/\/coronelxavierchaves.mg.gov.br\/prefeitura\/wp-json\/wp\/v2\/media?parent=3933"}],"wp:term":[{"taxonomy":"category","embeddable":true,"href":"https:\/\/coronelxavierchaves.mg.gov.br\/prefeitura\/wp-json\/wp\/v2\/categories?post=3933"},{"taxonomy":"post_tag","embeddable":true,"href":"https:\/\/coronelxavierchaves.mg.gov.br\/prefeitura\/wp-json\/wp\/v2\/tags?post=3933"}],"curies":[{"name":"wp","href":"https:\/\/api.w.org\/{rel}","templated":true}]}}