{"id":3945,"date":"2019-07-19T20:58:53","date_gmt":"2019-07-19T23:58:53","guid":{"rendered":"http:\/\/coronelxavierchaves.mg.gov.br\/prefeitura\/?p=3945"},"modified":"2020-07-29T16:17:11","modified_gmt":"2020-07-29T19:17:11","slug":"reforma-do-canteiro-central-da-rua-joao-xxiii-pl-23-2019","status":"publish","type":"post","link":"https:\/\/coronelxavierchaves.mg.gov.br\/prefeitura\/2019\/07\/19\/reforma-do-canteiro-central-da-rua-joao-xxiii-pl-23-2019\/","title":{"rendered":"REFORMA DO CANTEIRO CENTRAL DA RUA JO\u00c3O XXIII&#8230; (PL 23\/2019)"},"content":{"rendered":"<blockquote><p>DOWNLOADS<\/p><\/blockquote>\n<ul>\n<li><a href=\"http:\/\/coronelxavierchaves.mg.gov.br\/prefeitura\/wp-content\/uploads\/2019\/07\/05-EDITAL-REFORMA-CANTEIRO-CENTRAL-RUA-JO\u00c3O-XXIII.pdf\" target=\"_blank\" rel=\"noopener noreferrer\">EDITAL<\/a>, publicado em 19\/07\/2019 \u00e0s 20:58h.<\/li>\n<li><a href=\"http:\/\/coronelxavierchaves.mg.gov.br\/prefeitura\/wp-content\/uploads\/2019\/08\/RESULTADO.pdf\" target=\"_blank\" rel=\"noopener noreferrer\">RESULTADO<\/a>, publicado em 06\/08\/2019 \u00e0s 11:54h.<\/li>\n<li><a href=\"http:\/\/coronelxavierchaves.mg.gov.br\/prefeitura\/wp-content\/uploads\/2019\/08\/CONTRATO.pdf\" target=\"_blank\" rel=\"noopener noreferrer\">CONTRATO<\/a>, publicado em 18\/08\/2019 \u00e0s 08:37h.<\/li>\n<li><a href=\"http:\/\/coronelxavierchaves.mg.gov.br\/prefeitura\/wp-content\/uploads\/2020\/02\/1\u00ba-TERMO-ADITAMENTO-MINAS-REY-REFORMA-CANTEIRO-VILA-FATIMA.pdf\" target=\"_blank\" rel=\"noopener noreferrer\">1\u00ba TERMO ADITIVO DE CONTRATO<\/a>, publicado em 08\/02\/2020 \u00e0s 20:02h.<\/li>\n<li><a href=\"http:\/\/coronelxavierchaves.mg.gov.br\/prefeitura\/wp-content\/uploads\/2019\/07\/Laudo-T\u00e9cnico-Canteiro-Central-Jo\u00e3o-XXIII.pdf\">LAUDO T\u00c9CNICO<\/a>, publicado em 22\/07\/2020 \u00e0s 15:50h.<\/li>\n<li><a href=\"http:\/\/coronelxavierchaves.mg.gov.br\/prefeitura\/wp-content\/uploads\/2019\/07\/Notifica\u00e7\u00e3o-Minas-Rey.pdf\">NOTIFICA\u00c7\u00c3O<\/a>, publicado em 22\/07\/2020 \u00e0s 15:50h.<\/li>\n<li><a href=\"http:\/\/coronelxavierchaves.mg.gov.br\/prefeitura\/wp-content\/uploads\/2019\/07\/RESPOSTA-MINAS-REY.pdf\">RESPOSTA \u00c0 NOTIFICA\u00c7\u00c3O<\/a>, publicado em 29\/07\/2020 \u00e0s 16:17h.<\/li>\n<\/ul>\n<p>&nbsp;<\/p>\n<p>&nbsp;<\/p>\n<blockquote><p>OBJETO<\/p><\/blockquote>\n<p>REFORMA DO CANTEIRO CENTRAL DA RUA JO\u00c3O XXIII, NO BAIRRO VILA F\u00c1TIMA, NO MUNIC\u00cdPIO DE CORONEL XAVIER CHAVES<\/p>\n<p>&nbsp;<\/p>\n<p>&nbsp;<\/p>\n<blockquote><p>RESUMO<\/p><\/blockquote>\n<table width=\"100%\">\n<tbody>\n<tr>\n<td width=\"50%\"><strong><u>Processo Licitat\u00f3rio<\/u><\/strong><strong>\u00a0N\u00ba: 23\/2019<\/strong><\/p>\n<p><strong><u>Tomada de Pre\u00e7os<\/u><\/strong><strong>\u00a0N\u00ba 01\/2019<\/strong><\/p>\n<p><strong><u>Abertura<\/u><\/strong><strong>: 06\/08\/2019<\/strong><\/p>\n<p><strong>\u00a0<\/strong><\/td>\n<td width=\"49%\"><strong><u>Tipo<\/u><\/strong><strong>: MENOR PRE\u00c7O GLOBAL<\/strong><\/p>\n<p><strong><u>Hor\u00e1rio de abertura<\/u><\/strong><strong>: 08h00min<\/strong><\/p>\n<p><strong><u>Local<\/u><\/strong><strong>: Prefeitura Municipal de Coronel Xavier Chaves<\/strong><\/td>\n<\/tr>\n<\/tbody>\n<\/table>\n<p>&nbsp;<\/p>\n<p>&nbsp;<\/p>\n<div class=\"printshowonly\">\n<p>*<b>PUBLICA\u00c7\u00c3O<\/b><\/p>\n<ul>\n<li>Um destaque desta publica\u00e7\u00e3o foi gerado na p\u00e1gina inicial do site, dispon\u00edvel at\u00e9 que demais publica\u00e7\u00f5es sejam realizadas.<\/li>\n<li>Uma publica\u00e7\u00e3o permanente foi feita na p\u00e1gina de Editais e Licita\u00e7\u00f5es.<\/li>\n<li>Link para acesso:\u00a0http:\/\/coronelxavierchaves.mg.gov.br\/prefeitura\/wp-json\/wp\/v2\/posts\/3945<\/li>\n<\/ul>\n<\/div>\n","protected":false},"excerpt":{"rendered":"<p>DOWNLOADS EDITAL, publicado em 19\/07\/2019 \u00e0s 20:58h. RESULTADO, publicado em 06\/08\/2019 \u00e0s 11:54h. CONTRATO, publicado em 18\/08\/2019 \u00e0s 08:37h. 1\u00ba TERMO ADITIVO DE CONTRATO, publicado em 08\/02\/2020 \u00e0s 20:02h. LAUDO T\u00c9CNICO, publicado em 22\/07\/2020 \u00e0s 15:50h. NOTIFICA\u00c7\u00c3O, publicado em 22\/07\/2020 \u00e0s 15:50h. RESPOSTA \u00c0 NOTIFICA\u00c7\u00c3O, publicado em 29\/07\/2020 \u00e0s 16:17h. &nbsp; &nbsp; OBJETO REFORMA DO [&hellip;]<\/p>\n","protected":false},"author":1,"featured_media":737,"comment_status":"open","ping_status":"open","sticky":false,"template":"","format":"standard","meta":{"footnotes":"","_links_to":"","_links_to_target":""},"categories":[43],"tags":[],"class_list":{"0":"post-3945","1":"post","2":"type-post","3":"status-publish","4":"format-standard","5":"has-post-thumbnail","7":"category-editais-de-licitacao-2019"},"_links":{"self":[{"href":"https:\/\/coronelxavierchaves.mg.gov.br\/prefeitura\/wp-json\/wp\/v2\/posts\/3945","targetHints":{"allow":["GET"]}}],"collection":[{"href":"https:\/\/coronelxavierchaves.mg.gov.br\/prefeitura\/wp-json\/wp\/v2\/posts"}],"about":[{"href":"https:\/\/coronelxavierchaves.mg.gov.br\/prefeitura\/wp-json\/wp\/v2\/types\/post"}],"author":[{"embeddable":true,"href":"https:\/\/coronelxavierchaves.mg.gov.br\/prefeitura\/wp-json\/wp\/v2\/users\/1"}],"replies":[{"embeddable":true,"href":"https:\/\/coronelxavierchaves.mg.gov.br\/prefeitura\/wp-json\/wp\/v2\/comments?post=3945"}],"version-history":[{"count":7,"href":"https:\/\/coronelxavierchaves.mg.gov.br\/prefeitura\/wp-json\/wp\/v2\/posts\/3945\/revisions"}],"predecessor-version":[{"id":7144,"href":"https:\/\/coronelxavierchaves.mg.gov.br\/prefeitura\/wp-json\/wp\/v2\/posts\/3945\/revisions\/7144"}],"wp:featuredmedia":[{"embeddable":true,"href":"https:\/\/coronelxavierchaves.mg.gov.br\/prefeitura\/wp-json\/wp\/v2\/media\/737"}],"wp:attachment":[{"href":"https:\/\/coronelxavierchaves.mg.gov.br\/prefeitura\/wp-json\/wp\/v2\/media?parent=3945"}],"wp:term":[{"taxonomy":"category","embeddable":true,"href":"https:\/\/coronelxavierchaves.mg.gov.br\/prefeitura\/wp-json\/wp\/v2\/categories?post=3945"},{"taxonomy":"post_tag","embeddable":true,"href":"https:\/\/coronelxavierchaves.mg.gov.br\/prefeitura\/wp-json\/wp\/v2\/tags?post=3945"}],"curies":[{"name":"wp","href":"https:\/\/api.w.org\/{rel}","templated":true}]}}