{"id":3972,"date":"2019-07-26T08:38:46","date_gmt":"2019-07-26T11:38:46","guid":{"rendered":"http:\/\/coronelxavierchaves.mg.gov.br\/prefeitura\/?p=3972"},"modified":"2022-01-03T10:50:54","modified_gmt":"2022-01-03T13:50:54","slug":"contratacao-de-empresa-especializada-para-prestacao-de-servicos-de-engenharia-pl-24-2019","status":"publish","type":"post","link":"https:\/\/coronelxavierchaves.mg.gov.br\/prefeitura\/2019\/07\/26\/contratacao-de-empresa-especializada-para-prestacao-de-servicos-de-engenharia-pl-24-2019\/","title":{"rendered":"CONTRATA\u00c7\u00c3O DE EMPRESA ESPECIALIZADA PARA PRESTA\u00c7\u00c3O DE SERVI\u00c7OS DE ENGENHARIA&#8230; (PL 24\/2019)"},"content":{"rendered":"<blockquote><p>DOWNLOADS<\/p><\/blockquote>\n<ul>\n<li><a href=\"http:\/\/coronelxavierchaves.mg.gov.br\/prefeitura\/wp-content\/uploads\/2019\/07\/03-EDITAL-SERV-REGULARIZACAO-FUNDIARIA-2019-REPETICAO.pdf\" target=\"_blank\" rel=\"noopener noreferrer\">EDITAL<\/a>, publicado em 26\/07\/2019 \u00e0s 08:36h.<\/li>\n<li><a href=\"http:\/\/coronelxavierchaves.mg.gov.br\/prefeitura\/wp-content\/uploads\/2019\/08\/CONTRATO-1.pdf\" target=\"_blank\" rel=\"noopener noreferrer\">CONTRATO<\/a>, publicado em 18\/08\/2019 \u00e0s 08:42h.<\/li>\n<li><a href=\"http:\/\/coronelxavierchaves.mg.gov.br\/prefeitura\/wp-content\/uploads\/2020\/03\/1\u00ba-TERMO-DE-ADITAMENTO-SAGATEC.pdf\" target=\"_blank\" rel=\"noopener noreferrer\">1\u00ba TERMO ADITIVO<\/a>, publicado em 07\/03\/2020 \u00e0s 07:49h.<\/li>\n<li><a href=\"http:\/\/coronelxavierchaves.mg.gov.br\/prefeitura\/wp-content\/uploads\/2019\/07\/2o-TERMO-DE-ADITAMENTO-SAGATEC.pdf\">2\u00ba TERMO ADITIVO<\/a>, publicado em 04\/01\/2021 \u00e0s 12:52h.<\/li>\n<li><a href=\"http:\/\/coronelxavierchaves.mg.gov.br\/prefeitura\/wp-content\/uploads\/2022\/01\/3o-TERMO-DE-ADITAMENTO-SAGATEC-PUBLICAR.pdf\">3\u00ba TERMO ADITIVO<\/a>, publicado em 03\/01\/2022 \u00e0s 10:50h.<\/li>\n<\/ul>\n<p>&nbsp;<\/p>\n<p>&nbsp;<\/p>\n<blockquote><p>OBJETO<\/p><\/blockquote>\n<p><b><i><u>CONTRATA\u00c7\u00c3O DE EMPRESA ESPECIALIZADA PARA PRESTA\u00c7\u00c3O DE SERVI\u00c7OS DE ENGENHARIA (TOPOGRAFIA E GEOPROCESSAMENTO) A FIM DE PROMOVER A REGULARIZA\u00c7\u00c3O FUNDI\u00c1RIA DE IM\u00d3VEIS URBANOS DO MUNIC\u00cdPIO DE CORONEL XAVIER CHAVES<\/u><\/i><\/b><\/p>\n<p>&nbsp;<\/p>\n<p>&nbsp;<\/p>\n<blockquote><p>RESUMO<\/p><\/blockquote>\n<table>\n<tbody>\n<tr>\n<td width=\"628\"><strong>Licita\u00e7\u00e3o: n\u00ba 24\/2019\u00a0\u00a0\u00a0\u00a0\u00a0\u00a0\u00a0\u00a0\u00a0\u00a0\u00a0\u00a0\u00a0\u00a0\u00a0\u00a0\u00a0\u00a0\u00a0\u00a0\u00a0\u00a0\u00a0 \u00a0\u00a0\u00a0\u00a0\u00a0\u00a0\u00a0\u00a0\u00a0\u00a0\u00a0 Modalidade: Convite n\u00ba 03\/2019<\/strong><\/p>\n<p><strong>Processo Licitat\u00f3rio: 24\/2019\u00a0\u00a0\u00a0\u00a0\u00a0\u00a0\u00a0\u00a0\u00a0\u00a0\u00a0\u00a0\u00a0\u00a0\u00a0\u00a0\u00a0\u00a0\u00a0\u00a0\u00a0\u00a0 \u00a0\u00a0\u00a0\u00a0\u00a0\u00a0\u00a0\u00a0\u00a0\u00a0\u00a0 Tipo: MENOR PRE\u00c7O GLOBAL<\/strong><\/p>\n<p><strong>Abertura: <u>08\/08\/2019<\/u>\u00a0\u00a0\u00a0\u00a0\u00a0\u00a0\u00a0\u00a0\u00a0\u00a0\u00a0\u00a0\u00a0\u00a0 \u00a0\u00a0\u00a0\u00a0\u00a0\u00a0\u00a0\u00a0\u00a0\u00a0\u00a0\u00a0\u00a0\u00a0\u00a0\u00a0\u00a0\u00a0\u00a0\u00a0\u00a0\u00a0\u00a0Hor\u00e1rio: 08h00 min<\/strong><\/p>\n<p><strong>Local: Prefeitura Municipal de Coronel Xavier Chaves<\/strong><\/td>\n<\/tr>\n<\/tbody>\n<\/table>\n<p>&nbsp;<\/p>\n<p>&nbsp;<\/p>\n<div class=\"printshowonly\">\n<p>*<b>PUBLICA\u00c7\u00c3O<\/b><\/p>\n<ul>\n<li>Um destaque desta publica\u00e7\u00e3o foi gerado na p\u00e1gina inicial do site, dispon\u00edvel at\u00e9 que demais publica\u00e7\u00f5es sejam realizadas.<\/li>\n<li>Uma publica\u00e7\u00e3o permanente foi feita na p\u00e1gina de Editais e Licita\u00e7\u00f5es.<\/li>\n<li>Link para acesso:\u00a0http:\/\/coronelxavierchaves.mg.gov.br\/prefeitura\/wp-json\/wp\/v2\/posts\/3972<\/li>\n<\/ul>\n<\/div>\n","protected":false},"excerpt":{"rendered":"<p>DOWNLOADS EDITAL, publicado em 26\/07\/2019 \u00e0s 08:36h. CONTRATO, publicado em 18\/08\/2019 \u00e0s 08:42h. 1\u00ba TERMO ADITIVO, publicado em 07\/03\/2020 \u00e0s 07:49h. 2\u00ba TERMO ADITIVO, publicado em 04\/01\/2021 \u00e0s 12:52h. 3\u00ba TERMO ADITIVO, publicado em 03\/01\/2022 \u00e0s 10:50h. &nbsp; &nbsp; OBJETO CONTRATA\u00c7\u00c3O DE EMPRESA ESPECIALIZADA PARA PRESTA\u00c7\u00c3O DE SERVI\u00c7OS DE ENGENHARIA (TOPOGRAFIA E GEOPROCESSAMENTO) A FIM [&hellip;]<\/p>\n","protected":false},"author":1,"featured_media":737,"comment_status":"open","ping_status":"open","sticky":false,"template":"","format":"standard","meta":{"footnotes":"","_links_to":"","_links_to_target":""},"categories":[43],"tags":[],"class_list":{"0":"post-3972","1":"post","2":"type-post","3":"status-publish","4":"format-standard","5":"has-post-thumbnail","7":"category-editais-de-licitacao-2019"},"_links":{"self":[{"href":"https:\/\/coronelxavierchaves.mg.gov.br\/prefeitura\/wp-json\/wp\/v2\/posts\/3972","targetHints":{"allow":["GET"]}}],"collection":[{"href":"https:\/\/coronelxavierchaves.mg.gov.br\/prefeitura\/wp-json\/wp\/v2\/posts"}],"about":[{"href":"https:\/\/coronelxavierchaves.mg.gov.br\/prefeitura\/wp-json\/wp\/v2\/types\/post"}],"author":[{"embeddable":true,"href":"https:\/\/coronelxavierchaves.mg.gov.br\/prefeitura\/wp-json\/wp\/v2\/users\/1"}],"replies":[{"embeddable":true,"href":"https:\/\/coronelxavierchaves.mg.gov.br\/prefeitura\/wp-json\/wp\/v2\/comments?post=3972"}],"version-history":[{"count":7,"href":"https:\/\/coronelxavierchaves.mg.gov.br\/prefeitura\/wp-json\/wp\/v2\/posts\/3972\/revisions"}],"predecessor-version":[{"id":13230,"href":"https:\/\/coronelxavierchaves.mg.gov.br\/prefeitura\/wp-json\/wp\/v2\/posts\/3972\/revisions\/13230"}],"wp:featuredmedia":[{"embeddable":true,"href":"https:\/\/coronelxavierchaves.mg.gov.br\/prefeitura\/wp-json\/wp\/v2\/media\/737"}],"wp:attachment":[{"href":"https:\/\/coronelxavierchaves.mg.gov.br\/prefeitura\/wp-json\/wp\/v2\/media?parent=3972"}],"wp:term":[{"taxonomy":"category","embeddable":true,"href":"https:\/\/coronelxavierchaves.mg.gov.br\/prefeitura\/wp-json\/wp\/v2\/categories?post=3972"},{"taxonomy":"post_tag","embeddable":true,"href":"https:\/\/coronelxavierchaves.mg.gov.br\/prefeitura\/wp-json\/wp\/v2\/tags?post=3972"}],"curies":[{"name":"wp","href":"https:\/\/api.w.org\/{rel}","templated":true}]}}