{"id":4019,"date":"2019-07-30T18:31:45","date_gmt":"2019-07-30T21:31:45","guid":{"rendered":"http:\/\/coronelxavierchaves.mg.gov.br\/prefeitura\/?p=4019"},"modified":"2019-07-30T18:34:57","modified_gmt":"2019-07-30T21:34:57","slug":"edital-de-convocacao-de-aprovados-em-concurso-publico-01-2017-nutricionista-5","status":"publish","type":"post","link":"https:\/\/coronelxavierchaves.mg.gov.br\/prefeitura\/2019\/07\/30\/edital-de-convocacao-de-aprovados-em-concurso-publico-01-2017-nutricionista-5\/","title":{"rendered":"EDITAL DE CONVOCA\u00c7\u00c3O DE APROVADOS EM CONCURSO P\u00daBLICO 01\/2017: NUTRICIONISTA"},"content":{"rendered":"<blockquote><p>DOWNLOADS<\/p><\/blockquote>\n<ul>\n<li><a href=\"http:\/\/coronelxavierchaves.mg.gov.br\/prefeitura\/wp-content\/uploads\/2019\/07\/EDITAL-DE-CONVOCA\u00c7\u00c3O-DE-EFETIVOS-CONCURSO-NUTRICIONISTA-6.pdf\" target=\"_blank\" rel=\"noopener\">EDITAL<\/a>, publicado em 30\/07\/2019 \u00e0s 18:27h.<\/li>\n<\/ul>\n<p>&nbsp;<\/p>\n<p>&nbsp;<\/p>\n<blockquote><p>RESUMO<\/p><\/blockquote>\n<p>A PREFEITURA MUNICIPAL DE CORONEL XAVIER CHAVES, NOS TERMOS DA CONSTITUI\u00c7\u00c3O DO MUNICIPIO DE CORONEL XAVIER CHAVES, ART. 13 DO ESTATUTO DOS SERVIDORES P\u00daBLICOS CIVIS MUNICIPAIS DE CORONEL XAVIER CHAVES E NO INCISO II DO ART. 37 DA CONSTITUI\u00c7\u00c3O FEDERAL, VEM ATRAV\u00c9S DO PRESENTE, PUBLICAR EDITAL DE CONVOCA\u00c7\u00c3O PARA A CANDIDATA APROVADA NOS TERMOS DO EDITAL 01\/2017 DE CONCURSO P\u00daBLICO, PARA TOMAR POSSE<\/p>\n<p>&nbsp;<\/p>\n<p>&nbsp;<\/p>\n<p>&nbsp;<\/p>\n<div class=\"printshowonly\">\n<p>*<b>PUBLICA\u00c7\u00c3O<\/b><\/p>\n<ul>\n<li>Um destaque desta publica\u00e7\u00e3o foi gerado na p\u00e1gina inicial do site, dispon\u00edvel at\u00e9 que demais publica\u00e7\u00f5es sejam realizadas.<\/li>\n<li>Uma publica\u00e7\u00e3o permanente foi feita na p\u00e1gina de Editais e Licita\u00e7\u00f5es.<\/li>\n<li>Link para acesso:\u00a0http:\/\/coronelxavierchaves.mg.gov.br\/prefeitura\/wp-json\/wp\/v2\/posts\/4019<\/li>\n<\/ul>\n<\/div>\n","protected":false},"excerpt":{"rendered":"<p>DOWNLOADS EDITAL, publicado em 30\/07\/2019 \u00e0s 18:27h. &nbsp; &nbsp; RESUMO A PREFEITURA MUNICIPAL DE CORONEL XAVIER CHAVES, NOS TERMOS DA CONSTITUI\u00c7\u00c3O DO MUNICIPIO DE CORONEL XAVIER CHAVES, ART. 13 DO ESTATUTO DOS SERVIDORES P\u00daBLICOS CIVIS MUNICIPAIS DE CORONEL XAVIER CHAVES E NO INCISO II DO ART. 37 DA CONSTITUI\u00c7\u00c3O FEDERAL, VEM ATRAV\u00c9S DO PRESENTE, PUBLICAR [&hellip;]<\/p>\n","protected":false},"author":1,"featured_media":737,"comment_status":"open","ping_status":"open","sticky":false,"template":"","format":"standard","meta":{"footnotes":"","_links_to":"","_links_to_target":""},"categories":[42],"tags":[],"class_list":{"0":"post-4019","1":"post","2":"type-post","3":"status-publish","4":"format-standard","5":"has-post-thumbnail","7":"category-editais-de-convocacao-e-contratacao-2019"},"_links":{"self":[{"href":"https:\/\/coronelxavierchaves.mg.gov.br\/prefeitura\/wp-json\/wp\/v2\/posts\/4019","targetHints":{"allow":["GET"]}}],"collection":[{"href":"https:\/\/coronelxavierchaves.mg.gov.br\/prefeitura\/wp-json\/wp\/v2\/posts"}],"about":[{"href":"https:\/\/coronelxavierchaves.mg.gov.br\/prefeitura\/wp-json\/wp\/v2\/types\/post"}],"author":[{"embeddable":true,"href":"https:\/\/coronelxavierchaves.mg.gov.br\/prefeitura\/wp-json\/wp\/v2\/users\/1"}],"replies":[{"embeddable":true,"href":"https:\/\/coronelxavierchaves.mg.gov.br\/prefeitura\/wp-json\/wp\/v2\/comments?post=4019"}],"version-history":[{"count":1,"href":"https:\/\/coronelxavierchaves.mg.gov.br\/prefeitura\/wp-json\/wp\/v2\/posts\/4019\/revisions"}],"predecessor-version":[{"id":4021,"href":"https:\/\/coronelxavierchaves.mg.gov.br\/prefeitura\/wp-json\/wp\/v2\/posts\/4019\/revisions\/4021"}],"wp:featuredmedia":[{"embeddable":true,"href":"https:\/\/coronelxavierchaves.mg.gov.br\/prefeitura\/wp-json\/wp\/v2\/media\/737"}],"wp:attachment":[{"href":"https:\/\/coronelxavierchaves.mg.gov.br\/prefeitura\/wp-json\/wp\/v2\/media?parent=4019"}],"wp:term":[{"taxonomy":"category","embeddable":true,"href":"https:\/\/coronelxavierchaves.mg.gov.br\/prefeitura\/wp-json\/wp\/v2\/categories?post=4019"},{"taxonomy":"post_tag","embeddable":true,"href":"https:\/\/coronelxavierchaves.mg.gov.br\/prefeitura\/wp-json\/wp\/v2\/tags?post=4019"}],"curies":[{"name":"wp","href":"https:\/\/api.w.org\/{rel}","templated":true}]}}