{"id":4045,"date":"2019-07-31T17:05:06","date_gmt":"2019-07-31T20:05:06","guid":{"rendered":"http:\/\/coronelxavierchaves.mg.gov.br\/prefeitura\/?p=4045"},"modified":"2019-08-25T22:17:06","modified_gmt":"2019-08-26T01:17:06","slug":"aquisicao-parcelada-de-materiais-de-limpeza-e-utensilios-pl-25-2019","status":"publish","type":"post","link":"https:\/\/coronelxavierchaves.mg.gov.br\/prefeitura\/2019\/07\/31\/aquisicao-parcelada-de-materiais-de-limpeza-e-utensilios-pl-25-2019\/","title":{"rendered":"AQUISI\u00c7\u00c3O PARCELADA DE MATERIAIS DE LIMPEZA E UTENS\u00cdLIOS&#8230; (PL 25\/2019)"},"content":{"rendered":"<blockquote><p>DOWNLOADS<\/p><\/blockquote>\n<ul>\n<li><a href=\"http:\/\/coronelxavierchaves.mg.gov.br\/prefeitura\/wp-content\/uploads\/2019\/07\/8-EDITAL-MATERIAL-DE-LIMPEZA-2019.pdf\" target=\"_blank\" rel=\"noopener\">EDITAL<\/a>, publicado em 31\/07\/2019 \u00e0s 17:01h.<\/li>\n<li><a href=\"http:\/\/coronelxavierchaves.mg.gov.br\/prefeitura\/others\/processo00002519.xml\" target=\"_blank\" rel=\"noopener\">ARQUIVO XML<\/a><\/li>\n<li><a href=\"http:\/\/www.coronelxavierchaves.mg.gov.br\/site\/proposta.exe\" target=\"_blank\" rel=\"noopener\">BAIXAR SOFTWARE PARA PROPOSTA<\/a><\/li>\n<\/ul>\n<ul>\n<li><a href=\"http:\/\/coronelxavierchaves.mg.gov.br\/prefeitura\/wp-content\/uploads\/2019\/08\/atas_registro_preco-25_19.zip\" target=\"_blank\" rel=\"noopener\">ATAS DE REGISTRO DE PRE\u00c7O<\/a>, publicado em 25\/08\/2019 \u00e0s 22:13h.<\/li>\n<\/ul>\n<p>&nbsp;<\/p>\n<blockquote><p>OBJETO<\/p><\/blockquote>\n<p>AQUISI\u00c7\u00c3O PARCELADA DE MATERIAIS DE LIMPEZA E UTENS\u00cdLIOS, PARA ATENDER AOS DIVERSOS SETORES DA PREFEITURA MUNICIPAL DE CORONEL XAVIER CHAVES<\/p>\n<p>&nbsp;<\/p>\n<p>&nbsp;<\/p>\n<blockquote><p>RESUMO<\/p><\/blockquote>\n<table>\n<tbody>\n<tr>\n<td width=\"337\">Processo Licitat\u00f3rio n\u00ba:\u00a0<strong>25\/2019<\/strong><\/p>\n<p>Preg\u00e3o Presencial n\u00ba:\u00a0<strong>17\/2019<\/strong><\/p>\n<p>Credenciamento:<strong>\u00a013\/08\/2019 \u00e0s 08h00min<\/strong><\/p>\n<p>Abertura:\u00a0<strong>13\/08\/2019<\/strong><\/td>\n<td width=\"309\">Tipo:\u00a0<strong>MENOR PRE\u00c7O POR ITEM<\/strong><\/p>\n<p>Hor\u00e1rio de abertura:\u00a0<strong>Ap\u00f3s o credenciamento<\/strong><\/p>\n<p>Local:\u00a0<strong>Prefeitura Municipal de Coronel Xavier Chaves<\/strong><\/td>\n<\/tr>\n<\/tbody>\n<\/table>\n<p>&nbsp;<\/p>\n<p>&nbsp;<\/p>\n<div class=\"printshowonly\">\n<p>*<b>PUBLICA\u00c7\u00c3O<\/b><\/p>\n<ul>\n<li>Um destaque desta publica\u00e7\u00e3o foi gerado na p\u00e1gina inicial do site, dispon\u00edvel at\u00e9 que demais publica\u00e7\u00f5es sejam realizadas.<\/li>\n<li>Uma publica\u00e7\u00e3o permanente foi feita na p\u00e1gina de Editais e Licita\u00e7\u00f5es.<\/li>\n<li>Link para acesso:\u00a0http:\/\/coronelxavierchaves.mg.gov.br\/prefeitura\/wp-json\/wp\/v2\/posts\/4045<\/li>\n<\/ul>\n<\/div>\n","protected":false},"excerpt":{"rendered":"<p>DOWNLOADS EDITAL, publicado em 31\/07\/2019 \u00e0s 17:01h. ARQUIVO XML BAIXAR SOFTWARE PARA PROPOSTA ATAS DE REGISTRO DE PRE\u00c7O, publicado em 25\/08\/2019 \u00e0s 22:13h. &nbsp; OBJETO AQUISI\u00c7\u00c3O PARCELADA DE MATERIAIS DE LIMPEZA E UTENS\u00cdLIOS, PARA ATENDER AOS DIVERSOS SETORES DA PREFEITURA MUNICIPAL DE CORONEL XAVIER CHAVES &nbsp; &nbsp; RESUMO Processo Licitat\u00f3rio n\u00ba:\u00a025\/2019 Preg\u00e3o Presencial n\u00ba:\u00a017\/2019 Credenciamento:\u00a013\/08\/2019 [&hellip;]<\/p>\n","protected":false},"author":1,"featured_media":737,"comment_status":"open","ping_status":"open","sticky":false,"template":"","format":"standard","meta":{"footnotes":"","_links_to":"","_links_to_target":""},"categories":[43],"tags":[],"class_list":{"0":"post-4045","1":"post","2":"type-post","3":"status-publish","4":"format-standard","5":"has-post-thumbnail","7":"category-editais-de-licitacao-2019"},"_links":{"self":[{"href":"https:\/\/coronelxavierchaves.mg.gov.br\/prefeitura\/wp-json\/wp\/v2\/posts\/4045","targetHints":{"allow":["GET"]}}],"collection":[{"href":"https:\/\/coronelxavierchaves.mg.gov.br\/prefeitura\/wp-json\/wp\/v2\/posts"}],"about":[{"href":"https:\/\/coronelxavierchaves.mg.gov.br\/prefeitura\/wp-json\/wp\/v2\/types\/post"}],"author":[{"embeddable":true,"href":"https:\/\/coronelxavierchaves.mg.gov.br\/prefeitura\/wp-json\/wp\/v2\/users\/1"}],"replies":[{"embeddable":true,"href":"https:\/\/coronelxavierchaves.mg.gov.br\/prefeitura\/wp-json\/wp\/v2\/comments?post=4045"}],"version-history":[{"count":2,"href":"https:\/\/coronelxavierchaves.mg.gov.br\/prefeitura\/wp-json\/wp\/v2\/posts\/4045\/revisions"}],"predecessor-version":[{"id":4382,"href":"https:\/\/coronelxavierchaves.mg.gov.br\/prefeitura\/wp-json\/wp\/v2\/posts\/4045\/revisions\/4382"}],"wp:featuredmedia":[{"embeddable":true,"href":"https:\/\/coronelxavierchaves.mg.gov.br\/prefeitura\/wp-json\/wp\/v2\/media\/737"}],"wp:attachment":[{"href":"https:\/\/coronelxavierchaves.mg.gov.br\/prefeitura\/wp-json\/wp\/v2\/media?parent=4045"}],"wp:term":[{"taxonomy":"category","embeddable":true,"href":"https:\/\/coronelxavierchaves.mg.gov.br\/prefeitura\/wp-json\/wp\/v2\/categories?post=4045"},{"taxonomy":"post_tag","embeddable":true,"href":"https:\/\/coronelxavierchaves.mg.gov.br\/prefeitura\/wp-json\/wp\/v2\/tags?post=4045"}],"curies":[{"name":"wp","href":"https:\/\/api.w.org\/{rel}","templated":true}]}}