{"id":4156,"date":"2019-08-15T22:12:25","date_gmt":"2019-08-16T01:12:25","guid":{"rendered":"http:\/\/coronelxavierchaves.mg.gov.br\/prefeitura\/?p=4156"},"modified":"2019-08-29T20:58:50","modified_gmt":"2019-08-29T23:58:50","slug":"aquisicao-parcelada-de-generos-alimenticios-para-merenda-escolar-e-outros-setores-da-prefeitura-municipal-pl-26-2019","status":"publish","type":"post","link":"https:\/\/coronelxavierchaves.mg.gov.br\/prefeitura\/2019\/08\/15\/aquisicao-parcelada-de-generos-alimenticios-para-merenda-escolar-e-outros-setores-da-prefeitura-municipal-pl-26-2019\/","title":{"rendered":"[RETIFICADO] AQUISI\u00c7\u00c3O PARCELADA DE G\u00caNEROS ALIMENT\u00cdCIOS PARA MERENDA ESCOLAR E OUTROS SETORES&#8230; (PL 26\/2019)"},"content":{"rendered":"<blockquote><p>DOWNLOADS<\/p><\/blockquote>\n<ul>\n<li><a href=\"http:\/\/coronelxavierchaves.mg.gov.br\/prefeitura\/wp-content\/uploads\/2019\/08\/9-EDITAL-RETIFICADO-AQUISICAO-GENEROS-ALIMENTICIOS-2019.pdf\" target=\"_blank\" rel=\"noopener\">EDITAL RETIFICADO<\/a>, publicado em 08\/08\/2019 \u00e0s 21:51h, retificado em 15\/08\/2019.<\/li>\n<li><a href=\"http:\/\/coronelxavierchaves.mg.gov.br\/prefeitura\/wp-content\/uploads\/2019\/08\/8-ERRATA-PUBLICA\u00c7\u00c3O-EDITAL-AQUISI\u00c7\u00c3O-GEN-ALIMENTICIOS-2019.pdf\" target=\"_blank\" rel=\"noopener\">ERRATA<\/a>, publicado em 15\/08\/2019<\/li>\n<li><a href=\"http:\/\/coronelxavierchaves.mg.gov.br\/prefeitura\/wp-content\/uploads\/2019\/08\/ATA-REGISTRO-2619.zip\" target=\"_blank\" rel=\"noopener\">ATA DE REGISTRO DE PRE\u00c7O<\/a>, publicado em 29\/08\/2019 \u00e0s 20:53h.<\/li>\n<\/ul>\n<p>&nbsp;<\/p>\n<ul>\n<li><a href=\"http:\/\/coronelxavierchaves.mg.gov.br\/prefeitura\/others\/processo00002619-2.xml\" target=\"_blank\" rel=\"noopener\">ARQUIVO XML<\/a><\/li>\n<li><a href=\"http:\/\/www.coronelxavierchaves.mg.gov.br\/site\/proposta.exe\" target=\"_blank\" rel=\"noopener\">BAIXAR SOFTWARE PARA PROPOSTA<\/a><\/li>\n<\/ul>\n<p>&nbsp;<\/p>\n<p>&nbsp;<\/p>\n<blockquote><p>OBJETO<\/p><\/blockquote>\n<p>AQUISI\u00c7\u00c3O PARCELADA DE G\u00caNEROS ALIMENT\u00cdCIOS PARA MERENDA ESCOLAR E OUTROS SETORES DA PREFEITURA MUNICIPAL<\/p>\n<p>&nbsp;<\/p>\n<p>&nbsp;<\/p>\n<blockquote><p>RESUMO<\/p><\/blockquote>\n<table>\n<tbody>\n<tr>\n<td width=\"337\">Processo Licitat\u00f3rio n\u00ba:\u00a0<strong>26\/2019<\/strong><\/p>\n<p>Preg\u00e3o Presencial n\u00ba:\u00a0<strong>18\/2019<\/strong><\/p>\n<p>Credenciamento:<strong>\u00a021\/08\/2019 \u00e0s 08h00min<\/strong><\/p>\n<p>Abertura:\u00a0<strong>21\/08\/2019<\/strong><\/td>\n<td width=\"309\">Tipo:\u00a0<strong>MENOR PRE\u00c7O POR ITEM<\/strong><\/p>\n<p>Hor\u00e1rio de abertura:\u00a0<strong>Ap\u00f3s o credenciamento<\/strong><\/p>\n<p>Local:\u00a0<strong>Prefeitura Municipal de Coronel Xavier Chaves<\/strong><\/td>\n<\/tr>\n<\/tbody>\n<\/table>\n<p>&nbsp;<\/p>\n<p>&nbsp;<\/p>\n<div class=\"printshowonly\">\n<p>*<b>PUBLICA\u00c7\u00c3O<\/b><\/p>\n<ul>\n<li>Um destaque desta publica\u00e7\u00e3o foi gerado na p\u00e1gina inicial do site, dispon\u00edvel at\u00e9 que demais publica\u00e7\u00f5es sejam realizadas.<\/li>\n<li>Uma publica\u00e7\u00e3o permanente foi feita na p\u00e1gina de Editais e Licita\u00e7\u00f5es.<\/li>\n<li>Link para acesso:\u00a0http:\/\/coronelxavierchaves.mg.gov.br\/prefeitura\/wp-json\/wp\/v2\/posts\/4156<\/li>\n<\/ul>\n<\/div>\n","protected":false},"excerpt":{"rendered":"<p>DOWNLOADS EDITAL RETIFICADO, publicado em 08\/08\/2019 \u00e0s 21:51h, retificado em 15\/08\/2019. ERRATA, publicado em 15\/08\/2019 ATA DE REGISTRO DE PRE\u00c7O, publicado em 29\/08\/2019 \u00e0s 20:53h. &nbsp; ARQUIVO XML BAIXAR SOFTWARE PARA PROPOSTA &nbsp; &nbsp; OBJETO AQUISI\u00c7\u00c3O PARCELADA DE G\u00caNEROS ALIMENT\u00cdCIOS PARA MERENDA ESCOLAR E OUTROS SETORES DA PREFEITURA MUNICIPAL &nbsp; &nbsp; RESUMO Processo Licitat\u00f3rio n\u00ba:\u00a026\/2019 [&hellip;]<\/p>\n","protected":false},"author":1,"featured_media":4366,"comment_status":"open","ping_status":"open","sticky":false,"template":"","format":"standard","meta":{"footnotes":"","_links_to":"","_links_to_target":""},"categories":[43],"tags":[],"class_list":{"0":"post-4156","1":"post","2":"type-post","3":"status-publish","4":"format-standard","5":"has-post-thumbnail","7":"category-editais-de-licitacao-2019"},"_links":{"self":[{"href":"https:\/\/coronelxavierchaves.mg.gov.br\/prefeitura\/wp-json\/wp\/v2\/posts\/4156","targetHints":{"allow":["GET"]}}],"collection":[{"href":"https:\/\/coronelxavierchaves.mg.gov.br\/prefeitura\/wp-json\/wp\/v2\/posts"}],"about":[{"href":"https:\/\/coronelxavierchaves.mg.gov.br\/prefeitura\/wp-json\/wp\/v2\/types\/post"}],"author":[{"embeddable":true,"href":"https:\/\/coronelxavierchaves.mg.gov.br\/prefeitura\/wp-json\/wp\/v2\/users\/1"}],"replies":[{"embeddable":true,"href":"https:\/\/coronelxavierchaves.mg.gov.br\/prefeitura\/wp-json\/wp\/v2\/comments?post=4156"}],"version-history":[{"count":5,"href":"https:\/\/coronelxavierchaves.mg.gov.br\/prefeitura\/wp-json\/wp\/v2\/posts\/4156\/revisions"}],"predecessor-version":[{"id":4403,"href":"https:\/\/coronelxavierchaves.mg.gov.br\/prefeitura\/wp-json\/wp\/v2\/posts\/4156\/revisions\/4403"}],"wp:featuredmedia":[{"embeddable":true,"href":"https:\/\/coronelxavierchaves.mg.gov.br\/prefeitura\/wp-json\/wp\/v2\/media\/4366"}],"wp:attachment":[{"href":"https:\/\/coronelxavierchaves.mg.gov.br\/prefeitura\/wp-json\/wp\/v2\/media?parent=4156"}],"wp:term":[{"taxonomy":"category","embeddable":true,"href":"https:\/\/coronelxavierchaves.mg.gov.br\/prefeitura\/wp-json\/wp\/v2\/categories?post=4156"},{"taxonomy":"post_tag","embeddable":true,"href":"https:\/\/coronelxavierchaves.mg.gov.br\/prefeitura\/wp-json\/wp\/v2\/tags?post=4156"}],"curies":[{"name":"wp","href":"https:\/\/api.w.org\/{rel}","templated":true}]}}