{"id":4383,"date":"2019-08-26T20:26:24","date_gmt":"2019-08-26T23:26:24","guid":{"rendered":"http:\/\/coronelxavierchaves.mg.gov.br\/prefeitura\/?p=4383"},"modified":"2019-09-14T09:15:51","modified_gmt":"2019-09-14T12:15:51","slug":"aquisicao-parcelada-de-generos-alimenticios-lanches-pl-28-2019","status":"publish","type":"post","link":"https:\/\/coronelxavierchaves.mg.gov.br\/prefeitura\/2019\/08\/26\/aquisicao-parcelada-de-generos-alimenticios-lanches-pl-28-2019\/","title":{"rendered":"AQUISI\u00c7\u00c3O PARCELADA DE G\u00caNEROS ALIMENT\u00cdCIOS (LANCHES)&#8230; (PL 28\/2019)"},"content":{"rendered":"<blockquote><p>DOWNLOADS<\/p><\/blockquote>\n<ul>\n<li><a href=\"http:\/\/coronelxavierchaves.mg.gov.br\/prefeitura\/wp-content\/uploads\/2019\/08\/05-EDITAL-LANCHE-2019.pdf\" target=\"_blank\" rel=\"noopener\">EDITAL<\/a>, publicado em 26\/08\/2019 \u00e0s 20:24h.<\/li>\n<li><a href=\"http:\/\/coronelxavierchaves.mg.gov.br\/prefeitura\/wp-content\/uploads\/2019\/09\/atas_2819.zip\" target=\"_blank\" rel=\"noopener\">ATAS DE REGISTRO DE PROCESSO<\/a>, publicado em 14\/09\/2019 \u00e0s 09:12h.<\/li>\n<\/ul>\n<p>&nbsp;<\/p>\n<p>&nbsp;<\/p>\n<blockquote><p>OBJETO<\/p><\/blockquote>\n<p><b><i><u>AQUISI\u00c7\u00c3O PARCELADA DE G\u00caNEROS ALIMENT\u00cdCIOS (LANCHES), QUE SER\u00c3O UTILIZADOS PELOS DIVERSOS SETORES DA PREFEITURA EM REUNI\u00d5ES E ENCONTROS DIVERSOS, PROMOVIDOS PELA PREFEITURA MUNICIPAL E C\u00c2MARA MUNICIPAL<\/u><\/i><\/b><\/p>\n<p>&nbsp;<\/p>\n<p>&nbsp;<\/p>\n<blockquote><p>RESUMO<\/p><\/blockquote>\n<table>\n<tbody>\n<tr>\n<td width=\"337\">Processo Licitat\u00f3rio n\u00ba:\u00a0<strong>28\/2019<\/strong><\/p>\n<p>Preg\u00e3o Presencial n\u00ba:\u00a0<strong>19\/2019<\/strong><\/p>\n<p>Credenciamento:<strong>\u00a010\/09\/2019 \u00e0s 08h00min<\/strong><\/p>\n<p>Abertura:\u00a0<strong>10\/09\/2019<\/strong><\/td>\n<td width=\"309\">Tipo:\u00a0<strong>MENOR PRE\u00c7O POR ITEM<\/strong><\/p>\n<p>Hor\u00e1rio de abertura:\u00a0<strong>Ap\u00f3s o credenciamento<\/strong><\/p>\n<p>Local:\u00a0<strong>Prefeitura Municipal de Coronel Xavier Chaves<\/strong><\/td>\n<\/tr>\n<\/tbody>\n<\/table>\n<p>&nbsp;<\/p>\n<p>&nbsp;<\/p>\n<div class=\"printshowonly\">\n<p>*<b>PUBLICA\u00c7\u00c3O<\/b><\/p>\n<ul>\n<li>Um destaque desta publica\u00e7\u00e3o foi gerado na p\u00e1gina inicial do site, dispon\u00edvel at\u00e9 que demais publica\u00e7\u00f5es sejam realizadas.<\/li>\n<li>Uma publica\u00e7\u00e3o permanente foi feita na p\u00e1gina de Editais e Licita\u00e7\u00f5es.<\/li>\n<li>Link para acesso:\u00a0http:\/\/coronelxavierchaves.mg.gov.br\/prefeitura\/wp-json\/wp\/v2\/posts\/4383<\/li>\n<\/ul>\n<\/div>\n","protected":false},"excerpt":{"rendered":"<p>DOWNLOADS EDITAL, publicado em 26\/08\/2019 \u00e0s 20:24h. ATAS DE REGISTRO DE PROCESSO, publicado em 14\/09\/2019 \u00e0s 09:12h. &nbsp; &nbsp; OBJETO AQUISI\u00c7\u00c3O PARCELADA DE G\u00caNEROS ALIMENT\u00cdCIOS (LANCHES), QUE SER\u00c3O UTILIZADOS PELOS DIVERSOS SETORES DA PREFEITURA EM REUNI\u00d5ES E ENCONTROS DIVERSOS, PROMOVIDOS PELA PREFEITURA MUNICIPAL E C\u00c2MARA MUNICIPAL &nbsp; &nbsp; RESUMO Processo Licitat\u00f3rio n\u00ba:\u00a028\/2019 Preg\u00e3o Presencial n\u00ba:\u00a019\/2019 [&hellip;]<\/p>\n","protected":false},"author":1,"featured_media":4366,"comment_status":"open","ping_status":"open","sticky":false,"template":"","format":"standard","meta":{"footnotes":"","_links_to":"","_links_to_target":""},"categories":[43],"tags":[],"class_list":{"0":"post-4383","1":"post","2":"type-post","3":"status-publish","4":"format-standard","5":"has-post-thumbnail","7":"category-editais-de-licitacao-2019"},"_links":{"self":[{"href":"https:\/\/coronelxavierchaves.mg.gov.br\/prefeitura\/wp-json\/wp\/v2\/posts\/4383","targetHints":{"allow":["GET"]}}],"collection":[{"href":"https:\/\/coronelxavierchaves.mg.gov.br\/prefeitura\/wp-json\/wp\/v2\/posts"}],"about":[{"href":"https:\/\/coronelxavierchaves.mg.gov.br\/prefeitura\/wp-json\/wp\/v2\/types\/post"}],"author":[{"embeddable":true,"href":"https:\/\/coronelxavierchaves.mg.gov.br\/prefeitura\/wp-json\/wp\/v2\/users\/1"}],"replies":[{"embeddable":true,"href":"https:\/\/coronelxavierchaves.mg.gov.br\/prefeitura\/wp-json\/wp\/v2\/comments?post=4383"}],"version-history":[{"count":2,"href":"https:\/\/coronelxavierchaves.mg.gov.br\/prefeitura\/wp-json\/wp\/v2\/posts\/4383\/revisions"}],"predecessor-version":[{"id":4561,"href":"https:\/\/coronelxavierchaves.mg.gov.br\/prefeitura\/wp-json\/wp\/v2\/posts\/4383\/revisions\/4561"}],"wp:featuredmedia":[{"embeddable":true,"href":"https:\/\/coronelxavierchaves.mg.gov.br\/prefeitura\/wp-json\/wp\/v2\/media\/4366"}],"wp:attachment":[{"href":"https:\/\/coronelxavierchaves.mg.gov.br\/prefeitura\/wp-json\/wp\/v2\/media?parent=4383"}],"wp:term":[{"taxonomy":"category","embeddable":true,"href":"https:\/\/coronelxavierchaves.mg.gov.br\/prefeitura\/wp-json\/wp\/v2\/categories?post=4383"},{"taxonomy":"post_tag","embeddable":true,"href":"https:\/\/coronelxavierchaves.mg.gov.br\/prefeitura\/wp-json\/wp\/v2\/tags?post=4383"}],"curies":[{"name":"wp","href":"https:\/\/api.w.org\/{rel}","templated":true}]}}