{"id":4442,"date":"2019-09-04T20:50:21","date_gmt":"2019-09-04T23:50:21","guid":{"rendered":"http:\/\/coronelxavierchaves.mg.gov.br\/prefeitura\/?p=4442"},"modified":"2019-09-04T20:55:46","modified_gmt":"2019-09-04T23:55:46","slug":"obra-de-perfuracao-de-pocos-tubulares-com-montagem-e-instalacao-pl-29-2019","status":"publish","type":"post","link":"https:\/\/coronelxavierchaves.mg.gov.br\/prefeitura\/2019\/09\/04\/obra-de-perfuracao-de-pocos-tubulares-com-montagem-e-instalacao-pl-29-2019\/","title":{"rendered":"Obra de perfura\u00e7\u00e3o de po\u00e7os tubulares com montagem e instala\u00e7\u00e3o&#8230; (PL 29\/2019)"},"content":{"rendered":"<p style=\"text-align: justify;\"><strong>OBJETO<\/strong>:\u00a0OBRA DE PERFURA\u00c7\u00c3O DE PO\u00c7OS TUBULARES COM MONTAGEM E INSTALA\u00c7\u00c3O, ASSIM COMO AQUISI\u00c7\u00c3O DE LICEN\u00c7AS AMBIENTAIS NA COMUNIDADE DA INVERNADA E USINA DE COMPOSTAGEM<\/p>\n<ul>\n<li><a href=\"http:\/\/coronelxavierchaves.mg.gov.br\/prefeitura\/wp-content\/uploads\/2019\/09\/05-EDITAL-PERFURA\u00c7\u00c3O-PO\u00c7O-ARTESIANO-INVERNADA-E-USINA-2019.pdf\" target=\"_blank\" rel=\"noopener\">BAIXAR EDITAL<\/a>, publicado em 04\/09\/2019 \u00e0s 20:47h.<\/li>\n<\/ul>\n<p><span style=\"color: #ffffff;\">_<\/span><\/p>\n<p><span style=\"color: #ffffff;\">_<\/span><\/p>\n","protected":false},"excerpt":{"rendered":"<p>OBJETO:\u00a0OBRA DE PERFURA\u00c7\u00c3O DE PO\u00c7OS TUBULARES COM MONTAGEM E INSTALA\u00c7\u00c3O, ASSIM COMO AQUISI\u00c7\u00c3O DE LICEN\u00c7AS AMBIENTAIS NA COMUNIDADE DA INVERNADA E USINA DE COMPOSTAGEM BAIXAR EDITAL, publicado em 04\/09\/2019 \u00e0s 20:47h. _ _<\/p>\n","protected":false},"author":1,"featured_media":4366,"comment_status":"open","ping_status":"open","sticky":false,"template":"","format":"standard","meta":{"footnotes":"","_links_to":"","_links_to_target":""},"categories":[43],"tags":[],"class_list":{"0":"post-4442","1":"post","2":"type-post","3":"status-publish","4":"format-standard","5":"has-post-thumbnail","7":"category-editais-de-licitacao-2019"},"_links":{"self":[{"href":"https:\/\/coronelxavierchaves.mg.gov.br\/prefeitura\/wp-json\/wp\/v2\/posts\/4442","targetHints":{"allow":["GET"]}}],"collection":[{"href":"https:\/\/coronelxavierchaves.mg.gov.br\/prefeitura\/wp-json\/wp\/v2\/posts"}],"about":[{"href":"https:\/\/coronelxavierchaves.mg.gov.br\/prefeitura\/wp-json\/wp\/v2\/types\/post"}],"author":[{"embeddable":true,"href":"https:\/\/coronelxavierchaves.mg.gov.br\/prefeitura\/wp-json\/wp\/v2\/users\/1"}],"replies":[{"embeddable":true,"href":"https:\/\/coronelxavierchaves.mg.gov.br\/prefeitura\/wp-json\/wp\/v2\/comments?post=4442"}],"version-history":[{"count":3,"href":"https:\/\/coronelxavierchaves.mg.gov.br\/prefeitura\/wp-json\/wp\/v2\/posts\/4442\/revisions"}],"predecessor-version":[{"id":4485,"href":"https:\/\/coronelxavierchaves.mg.gov.br\/prefeitura\/wp-json\/wp\/v2\/posts\/4442\/revisions\/4485"}],"wp:featuredmedia":[{"embeddable":true,"href":"https:\/\/coronelxavierchaves.mg.gov.br\/prefeitura\/wp-json\/wp\/v2\/media\/4366"}],"wp:attachment":[{"href":"https:\/\/coronelxavierchaves.mg.gov.br\/prefeitura\/wp-json\/wp\/v2\/media?parent=4442"}],"wp:term":[{"taxonomy":"category","embeddable":true,"href":"https:\/\/coronelxavierchaves.mg.gov.br\/prefeitura\/wp-json\/wp\/v2\/categories?post=4442"},{"taxonomy":"post_tag","embeddable":true,"href":"https:\/\/coronelxavierchaves.mg.gov.br\/prefeitura\/wp-json\/wp\/v2\/tags?post=4442"}],"curies":[{"name":"wp","href":"https:\/\/api.w.org\/{rel}","templated":true}]}}