{"id":4443,"date":"2019-09-01T22:05:55","date_gmt":"2019-09-02T01:05:55","guid":{"rendered":"http:\/\/coronelxavierchaves.mg.gov.br\/prefeitura\/?p=4443"},"modified":"2019-09-01T22:14:33","modified_gmt":"2019-09-02T01:14:33","slug":"edital-de-convocacao-de-aprovados-em-concurso-publico-auxiliar-de-servico-de-saude-iii","status":"publish","type":"post","link":"https:\/\/coronelxavierchaves.mg.gov.br\/prefeitura\/2019\/09\/01\/edital-de-convocacao-de-aprovados-em-concurso-publico-auxiliar-de-servico-de-saude-iii\/","title":{"rendered":"Edital de convoca\u00e7\u00e3o de aprovados em concurso p\u00fablico: Auxiliar de Servi\u00e7o de Sa\u00fade III"},"content":{"rendered":"<p style=\"text-align: center;\"><img loading=\"lazy\" decoding=\"async\" class=\"alignnone size-full wp-image-4446\" src=\"http:\/\/coronelxavierchaves.mg.gov.br\/prefeitura\/wp-content\/uploads\/2019\/09\/edital.png\" alt=\"\" width=\"925\" height=\"524\" srcset=\"https:\/\/coronelxavierchaves.mg.gov.br\/prefeitura\/wp-content\/uploads\/2019\/09\/edital.png 925w, https:\/\/coronelxavierchaves.mg.gov.br\/prefeitura\/wp-content\/uploads\/2019\/09\/edital-300x170.png 300w, https:\/\/coronelxavierchaves.mg.gov.br\/prefeitura\/wp-content\/uploads\/2019\/09\/edital-768x435.png 768w, https:\/\/coronelxavierchaves.mg.gov.br\/prefeitura\/wp-content\/uploads\/2019\/09\/edital-696x394.png 696w, https:\/\/coronelxavierchaves.mg.gov.br\/prefeitura\/wp-content\/uploads\/2019\/09\/edital-741x420.png 741w\" sizes=\"auto, (max-width: 925px) 100vw, 925px\" \/><\/p>\n<p><strong>Downloads:<\/strong><\/p>\n<ul>\n<li><a href=\"http:\/\/coronelxavierchaves.mg.gov.br\/prefeitura\/wp-content\/uploads\/2019\/09\/EDITAL-DE-CONVOCA\u00c7\u00c3O-PARA-CONTRATA\u00c7\u00c3O-TEMPOR\u00c1RIA-DE-AUXILIAR-DE-SERVI\u00c7O-DE-SA\u00daDE-III.pdf\" target=\"_blank\" rel=\"noopener\">EDITAL DE CONVOCA\u00c7\u00c3O<\/a>, publicado em 01\/09\/2019 \u00e0s 22:04h.<\/li>\n<\/ul>\n<p>&nbsp;<\/p>\n<div class=\"printshowonly\"><\/div>\n","protected":false},"excerpt":{"rendered":"<p>Downloads: EDITAL DE CONVOCA\u00c7\u00c3O, publicado em 01\/09\/2019 \u00e0s 22:04h. &nbsp;<\/p>\n","protected":false},"author":1,"featured_media":4366,"comment_status":"open","ping_status":"open","sticky":false,"template":"","format":"standard","meta":{"footnotes":"","_links_to":"","_links_to_target":""},"categories":[42],"tags":[],"class_list":{"0":"post-4443","1":"post","2":"type-post","3":"status-publish","4":"format-standard","5":"has-post-thumbnail","7":"category-editais-de-convocacao-e-contratacao-2019"},"_links":{"self":[{"href":"https:\/\/coronelxavierchaves.mg.gov.br\/prefeitura\/wp-json\/wp\/v2\/posts\/4443","targetHints":{"allow":["GET"]}}],"collection":[{"href":"https:\/\/coronelxavierchaves.mg.gov.br\/prefeitura\/wp-json\/wp\/v2\/posts"}],"about":[{"href":"https:\/\/coronelxavierchaves.mg.gov.br\/prefeitura\/wp-json\/wp\/v2\/types\/post"}],"author":[{"embeddable":true,"href":"https:\/\/coronelxavierchaves.mg.gov.br\/prefeitura\/wp-json\/wp\/v2\/users\/1"}],"replies":[{"embeddable":true,"href":"https:\/\/coronelxavierchaves.mg.gov.br\/prefeitura\/wp-json\/wp\/v2\/comments?post=4443"}],"version-history":[{"count":4,"href":"https:\/\/coronelxavierchaves.mg.gov.br\/prefeitura\/wp-json\/wp\/v2\/posts\/4443\/revisions"}],"predecessor-version":[{"id":4449,"href":"https:\/\/coronelxavierchaves.mg.gov.br\/prefeitura\/wp-json\/wp\/v2\/posts\/4443\/revisions\/4449"}],"wp:featuredmedia":[{"embeddable":true,"href":"https:\/\/coronelxavierchaves.mg.gov.br\/prefeitura\/wp-json\/wp\/v2\/media\/4366"}],"wp:attachment":[{"href":"https:\/\/coronelxavierchaves.mg.gov.br\/prefeitura\/wp-json\/wp\/v2\/media?parent=4443"}],"wp:term":[{"taxonomy":"category","embeddable":true,"href":"https:\/\/coronelxavierchaves.mg.gov.br\/prefeitura\/wp-json\/wp\/v2\/categories?post=4443"},{"taxonomy":"post_tag","embeddable":true,"href":"https:\/\/coronelxavierchaves.mg.gov.br\/prefeitura\/wp-json\/wp\/v2\/tags?post=4443"}],"curies":[{"name":"wp","href":"https:\/\/api.w.org\/{rel}","templated":true}]}}