{"id":4536,"date":"2019-09-11T21:30:12","date_gmt":"2019-09-12T00:30:12","guid":{"rendered":"http:\/\/coronelxavierchaves.mg.gov.br\/prefeitura\/?p=4536"},"modified":"2019-09-28T08:56:23","modified_gmt":"2019-09-28T11:56:23","slug":"aquisicao-de-material-de-consumo-medico-hospitalar-pl-30-2019","status":"publish","type":"post","link":"https:\/\/coronelxavierchaves.mg.gov.br\/prefeitura\/2019\/09\/11\/aquisicao-de-material-de-consumo-medico-hospitalar-pl-30-2019\/","title":{"rendered":"Aquisi\u00e7\u00e3o de material de consumo m\u00e9dico-hospitalar&#8230; (PL 30\/2019)"},"content":{"rendered":"<p style=\"font-weight: 400; text-align: center;\"><strong><u>Edital De Licita\u00e7\u00e3o<\/u><\/strong><\/p>\n<p style=\"font-weight: 400; text-align: center;\"><strong><u>PREG\u00c3O PRESENCIAL (REGISTRO DE PRE\u00c7OS)<\/u><\/strong><\/p>\n<table>\n<tbody>\n<tr>\n<td width=\"307\">Processo Licitat\u00f3rio n\u00ba:\u00a0<strong>30\/2019<\/strong><\/p>\n<p>Preg\u00e3o Presencial n\u00ba:\u00a0<strong>20\/2019<\/strong><\/p>\n<p>Credenciamento:<strong>\u00a024\/09\/2019<\/strong><\/p>\n<p>Abertura:\u00a0<strong>24\/09\/2019<\/strong><\/td>\n<td width=\"301\">Tipo:\u00a0<strong>MENOR PRE\u00c7O POR ITEM<\/strong><\/p>\n<p>Hor\u00e1rio de abertura:\u00a0<strong>Ap\u00f3s o credenciamento<\/strong><\/p>\n<p>Local:\u00a0<strong>Prefeitura Municipal de Coronel Xavier Chaves<\/strong><\/td>\n<\/tr>\n<\/tbody>\n<\/table>\n<p style=\"text-align: justify;\"><strong>OBJETO<\/strong>: AQUISI\u00c7\u00c3O DE MATERIAL DE CONSUMO M\u00c9DICO-HOSPITALAR, PARA UTILIZA\u00c7\u00c3O DAS UNIDADES DE SA\u00daDE DO MUNIC\u00cdPIO<\/p>\n<ul>\n<li><a href=\"http:\/\/coronelxavierchaves.mg.gov.br\/prefeitura\/wp-content\/uploads\/2019\/09\/04-EDITAL-AQUISI\u00c7\u00c3O-MATERIAL-HOSPITALAR-2019.pdf\" target=\"_blank\" rel=\"noopener noreferrer\">BAIXAR EDITAL<\/a>, publicado em 11\/09\/2019 \u00e0s 21:28h.<\/li>\n<li><a href=\"http:\/\/coronelxavierchaves.mg.gov.br\/prefeitura\/wp-content\/uploads\/2019\/09\/atas.zip\" target=\"_blank\" rel=\"noopener noreferrer\">ATA DE REGISTRO DE PRE\u00c7OS<\/a>, publicado em 28\/09\/2019 \u00e0s 08:53h.<\/li>\n<\/ul>\n<p><span style=\"color: #ffffff;\">_<\/span><\/p>\n<p><span style=\"color: #ffffff;\">_<\/span><\/p>\n","protected":false},"excerpt":{"rendered":"<p>Edital De Licita\u00e7\u00e3o PREG\u00c3O PRESENCIAL (REGISTRO DE PRE\u00c7OS) Processo Licitat\u00f3rio n\u00ba:\u00a030\/2019 Preg\u00e3o Presencial n\u00ba:\u00a020\/2019 Credenciamento:\u00a024\/09\/2019 Abertura:\u00a024\/09\/2019 Tipo:\u00a0MENOR PRE\u00c7O POR ITEM Hor\u00e1rio de abertura:\u00a0Ap\u00f3s o credenciamento Local:\u00a0Prefeitura Municipal de Coronel Xavier Chaves OBJETO: AQUISI\u00c7\u00c3O DE MATERIAL DE CONSUMO M\u00c9DICO-HOSPITALAR, PARA UTILIZA\u00c7\u00c3O DAS UNIDADES DE SA\u00daDE DO MUNIC\u00cdPIO BAIXAR EDITAL, publicado em 11\/09\/2019 \u00e0s 21:28h. ATA DE [&hellip;]<\/p>\n","protected":false},"author":1,"featured_media":4366,"comment_status":"open","ping_status":"open","sticky":false,"template":"","format":"standard","meta":{"footnotes":"","_links_to":"","_links_to_target":""},"categories":[43],"tags":[],"class_list":{"0":"post-4536","1":"post","2":"type-post","3":"status-publish","4":"format-standard","5":"has-post-thumbnail","7":"category-editais-de-licitacao-2019"},"_links":{"self":[{"href":"https:\/\/coronelxavierchaves.mg.gov.br\/prefeitura\/wp-json\/wp\/v2\/posts\/4536","targetHints":{"allow":["GET"]}}],"collection":[{"href":"https:\/\/coronelxavierchaves.mg.gov.br\/prefeitura\/wp-json\/wp\/v2\/posts"}],"about":[{"href":"https:\/\/coronelxavierchaves.mg.gov.br\/prefeitura\/wp-json\/wp\/v2\/types\/post"}],"author":[{"embeddable":true,"href":"https:\/\/coronelxavierchaves.mg.gov.br\/prefeitura\/wp-json\/wp\/v2\/users\/1"}],"replies":[{"embeddable":true,"href":"https:\/\/coronelxavierchaves.mg.gov.br\/prefeitura\/wp-json\/wp\/v2\/comments?post=4536"}],"version-history":[{"count":4,"href":"https:\/\/coronelxavierchaves.mg.gov.br\/prefeitura\/wp-json\/wp\/v2\/posts\/4536\/revisions"}],"predecessor-version":[{"id":4694,"href":"https:\/\/coronelxavierchaves.mg.gov.br\/prefeitura\/wp-json\/wp\/v2\/posts\/4536\/revisions\/4694"}],"wp:featuredmedia":[{"embeddable":true,"href":"https:\/\/coronelxavierchaves.mg.gov.br\/prefeitura\/wp-json\/wp\/v2\/media\/4366"}],"wp:attachment":[{"href":"https:\/\/coronelxavierchaves.mg.gov.br\/prefeitura\/wp-json\/wp\/v2\/media?parent=4536"}],"wp:term":[{"taxonomy":"category","embeddable":true,"href":"https:\/\/coronelxavierchaves.mg.gov.br\/prefeitura\/wp-json\/wp\/v2\/categories?post=4536"},{"taxonomy":"post_tag","embeddable":true,"href":"https:\/\/coronelxavierchaves.mg.gov.br\/prefeitura\/wp-json\/wp\/v2\/tags?post=4536"}],"curies":[{"name":"wp","href":"https:\/\/api.w.org\/{rel}","templated":true}]}}