{"id":4907,"date":"2019-10-31T08:13:05","date_gmt":"2019-10-31T11:13:05","guid":{"rendered":"http:\/\/coronelxavierchaves.mg.gov.br\/prefeitura\/?p=4907"},"modified":"2019-10-31T08:13:05","modified_gmt":"2019-10-31T11:13:05","slug":"venha-para-a-3a-corrida-da-paz-kids","status":"publish","type":"post","link":"https:\/\/coronelxavierchaves.mg.gov.br\/prefeitura\/2019\/10\/31\/venha-para-a-3a-corrida-da-paz-kids\/","title":{"rendered":"Venha para a 3\u00aa Corrida da Paz Kids"},"content":{"rendered":"<p><a href=\"http:\/\/coronelxavierchaves.mg.gov.br\/prefeitura\/wp-content\/uploads\/2019\/10\/Corrida-da-Paz-16.jpeg\" data-rel=\"lightbox-image-0\" data-rl_title=\"\" data-rl_caption=\"\" title=\"\"><img loading=\"lazy\" decoding=\"async\" class=\"alignnone size-full wp-image-4905\" src=\"http:\/\/coronelxavierchaves.mg.gov.br\/prefeitura\/wp-content\/uploads\/2019\/10\/Corrida-da-Paz-16.jpeg\" alt=\"\" width=\"720\" height=\"468\" srcset=\"https:\/\/coronelxavierchaves.mg.gov.br\/prefeitura\/wp-content\/uploads\/2019\/10\/Corrida-da-Paz-16.jpeg 720w, https:\/\/coronelxavierchaves.mg.gov.br\/prefeitura\/wp-content\/uploads\/2019\/10\/Corrida-da-Paz-16-300x195.jpeg 300w, https:\/\/coronelxavierchaves.mg.gov.br\/prefeitura\/wp-content\/uploads\/2019\/10\/Corrida-da-Paz-16-696x452.jpeg 696w, https:\/\/coronelxavierchaves.mg.gov.br\/prefeitura\/wp-content\/uploads\/2019\/10\/Corrida-da-Paz-16-646x420.jpeg 646w\" sizes=\"auto, (max-width: 720px) 100vw, 720px\" \/><\/a><\/p>\n<p style=\"font-weight: 400;\">Al\u00e9m das provas de RTR, haver\u00e1 em Coronel Xavier Chaves a 3\u00aa Corrida da Paz. A prova tem por objetivo estimular os futuros atletas, ou seja, as crian\u00e7as do munic\u00edpio. As inscri\u00e7\u00f5es ser\u00e3o gratuitas e poder\u00e3o ser realizadas no dia da prova. Todos os atletas mirins receber\u00e3o medalhas de participa\u00e7\u00e3o. N\u00e3o deixe de levar seu filho para correr com voc\u00ea no dia 03 de novembro, na\u00a0Pra\u00e7a\u00a0Dr. Cipriano Chaves \u00e0s 8h da manh\u00e3.<\/p>\n<p style=\"font-weight: 400;\">Apoio: Prefeitura de Coronel Xavier Chaves\u00a0e Associa\u00e7\u00e3o Atl\u00e9tica Coroense.<\/p>\n<p><span style=\"color: #ffffff;\">_<\/span><\/p>\n","protected":false},"excerpt":{"rendered":"<p>Al\u00e9m das provas de RTR, haver\u00e1 em Coronel Xavier Chaves a 3\u00aa Corrida da Paz. A prova tem por objetivo estimular os futuros atletas, ou seja, as crian\u00e7as do munic\u00edpio. As inscri\u00e7\u00f5es ser\u00e3o gratuitas e poder\u00e3o ser realizadas no dia da prova. Todos os atletas mirins receber\u00e3o medalhas de participa\u00e7\u00e3o. N\u00e3o deixe de levar seu [&hellip;]<\/p>\n","protected":false},"author":1,"featured_media":4881,"comment_status":"open","ping_status":"open","sticky":false,"template":"","format":"standard","meta":{"footnotes":"","_links_to":"","_links_to_target":""},"categories":[1],"tags":[],"class_list":{"0":"post-4907","1":"post","2":"type-post","3":"status-publish","4":"format-standard","5":"has-post-thumbnail","7":"category-noticias"},"_links":{"self":[{"href":"https:\/\/coronelxavierchaves.mg.gov.br\/prefeitura\/wp-json\/wp\/v2\/posts\/4907","targetHints":{"allow":["GET"]}}],"collection":[{"href":"https:\/\/coronelxavierchaves.mg.gov.br\/prefeitura\/wp-json\/wp\/v2\/posts"}],"about":[{"href":"https:\/\/coronelxavierchaves.mg.gov.br\/prefeitura\/wp-json\/wp\/v2\/types\/post"}],"author":[{"embeddable":true,"href":"https:\/\/coronelxavierchaves.mg.gov.br\/prefeitura\/wp-json\/wp\/v2\/users\/1"}],"replies":[{"embeddable":true,"href":"https:\/\/coronelxavierchaves.mg.gov.br\/prefeitura\/wp-json\/wp\/v2\/comments?post=4907"}],"version-history":[{"count":1,"href":"https:\/\/coronelxavierchaves.mg.gov.br\/prefeitura\/wp-json\/wp\/v2\/posts\/4907\/revisions"}],"predecessor-version":[{"id":4908,"href":"https:\/\/coronelxavierchaves.mg.gov.br\/prefeitura\/wp-json\/wp\/v2\/posts\/4907\/revisions\/4908"}],"wp:featuredmedia":[{"embeddable":true,"href":"https:\/\/coronelxavierchaves.mg.gov.br\/prefeitura\/wp-json\/wp\/v2\/media\/4881"}],"wp:attachment":[{"href":"https:\/\/coronelxavierchaves.mg.gov.br\/prefeitura\/wp-json\/wp\/v2\/media?parent=4907"}],"wp:term":[{"taxonomy":"category","embeddable":true,"href":"https:\/\/coronelxavierchaves.mg.gov.br\/prefeitura\/wp-json\/wp\/v2\/categories?post=4907"},{"taxonomy":"post_tag","embeddable":true,"href":"https:\/\/coronelxavierchaves.mg.gov.br\/prefeitura\/wp-json\/wp\/v2\/tags?post=4907"}],"curies":[{"name":"wp","href":"https:\/\/api.w.org\/{rel}","templated":true}]}}