{"id":5312,"date":"2019-12-18T23:33:27","date_gmt":"2019-12-19T02:33:27","guid":{"rendered":"http:\/\/coronelxavierchaves.mg.gov.br\/prefeitura\/?p=5312"},"modified":"2019-12-19T20:37:03","modified_gmt":"2019-12-19T23:37:03","slug":"convocacao-de-aprovados-em-concurso-publico-01-2017-atendente-faxineiro-e-professor-de-ingles","status":"publish","type":"post","link":"https:\/\/coronelxavierchaves.mg.gov.br\/prefeitura\/2019\/12\/18\/convocacao-de-aprovados-em-concurso-publico-01-2017-atendente-faxineiro-e-professor-de-ingles\/","title":{"rendered":"Convoca\u00e7\u00e3o de aprovados em Concurso P\u00fablico 01\/2017: Atendente, Faxineiro e Professor de Ingl\u00eas"},"content":{"rendered":"<ul>\n<li><a href=\"http:\/\/coronelxavierchaves.mg.gov.br\/prefeitura\/wp-content\/uploads\/2019\/12\/EDITAL-DE-CONVOCA\u00c7\u00c3O-PARA-CONTRATA\u00c7\u00c3O-TEMPOR\u00c1RIA-DE-ATENDENTE.pdf\" target=\"_blank\" rel=\"noopener noreferrer\">EDITAL DE CONVOCA\u00c7\u00c3O: ATENDENTE<\/a>, publicado em 18\/12\/2019 \u00e0s 23:33h.<\/li>\n<li><a href=\"http:\/\/coronelxavierchaves.mg.gov.br\/prefeitura\/wp-content\/uploads\/2019\/12\/EDITAL-DE-CONVOCA\u00c7\u00c3O-FAXINEIRO-2-1.pdf\" target=\"_blank\" rel=\"noopener noreferrer\">EDITAL DE CONVOCA\u00c7\u00c3O: FAXINEIRO<\/a>, publicado em 18\/12\/2019 \u00e0s 23:33h.<\/li>\n<li><a href=\"http:\/\/coronelxavierchaves.mg.gov.br\/prefeitura\/wp-content\/uploads\/2019\/12\/EDITAL-DE-CONVOCA\u00c7\u00c3O-DE-EFETIVOS-CONCURSO-PROF-INGL\u00caS-2.pdf\" target=\"_blank\" rel=\"noopener noreferrer\">EDITAL DE CONVOCA\u00c7\u00c3O: PROFESSOR DE INGL\u00caS<\/a>, publicado em 18\/12\/2019 \u00e0s 23:33h.<\/li>\n<\/ul>\n","protected":false},"excerpt":{"rendered":"<p>EDITAL DE CONVOCA\u00c7\u00c3O: ATENDENTE, publicado em 18\/12\/2019 \u00e0s 23:33h. EDITAL DE CONVOCA\u00c7\u00c3O: FAXINEIRO, publicado em 18\/12\/2019 \u00e0s 23:33h. EDITAL DE CONVOCA\u00c7\u00c3O: PROFESSOR DE INGL\u00caS, publicado em 18\/12\/2019 \u00e0s 23:33h.<\/p>\n","protected":false},"author":1,"featured_media":4366,"comment_status":"open","ping_status":"open","sticky":false,"template":"","format":"standard","meta":{"footnotes":"","_links_to":"","_links_to_target":""},"categories":[42],"tags":[],"class_list":{"0":"post-5312","1":"post","2":"type-post","3":"status-publish","4":"format-standard","5":"has-post-thumbnail","7":"category-editais-de-convocacao-e-contratacao-2019"},"_links":{"self":[{"href":"https:\/\/coronelxavierchaves.mg.gov.br\/prefeitura\/wp-json\/wp\/v2\/posts\/5312","targetHints":{"allow":["GET"]}}],"collection":[{"href":"https:\/\/coronelxavierchaves.mg.gov.br\/prefeitura\/wp-json\/wp\/v2\/posts"}],"about":[{"href":"https:\/\/coronelxavierchaves.mg.gov.br\/prefeitura\/wp-json\/wp\/v2\/types\/post"}],"author":[{"embeddable":true,"href":"https:\/\/coronelxavierchaves.mg.gov.br\/prefeitura\/wp-json\/wp\/v2\/users\/1"}],"replies":[{"embeddable":true,"href":"https:\/\/coronelxavierchaves.mg.gov.br\/prefeitura\/wp-json\/wp\/v2\/comments?post=5312"}],"version-history":[{"count":2,"href":"https:\/\/coronelxavierchaves.mg.gov.br\/prefeitura\/wp-json\/wp\/v2\/posts\/5312\/revisions"}],"predecessor-version":[{"id":5322,"href":"https:\/\/coronelxavierchaves.mg.gov.br\/prefeitura\/wp-json\/wp\/v2\/posts\/5312\/revisions\/5322"}],"wp:featuredmedia":[{"embeddable":true,"href":"https:\/\/coronelxavierchaves.mg.gov.br\/prefeitura\/wp-json\/wp\/v2\/media\/4366"}],"wp:attachment":[{"href":"https:\/\/coronelxavierchaves.mg.gov.br\/prefeitura\/wp-json\/wp\/v2\/media?parent=5312"}],"wp:term":[{"taxonomy":"category","embeddable":true,"href":"https:\/\/coronelxavierchaves.mg.gov.br\/prefeitura\/wp-json\/wp\/v2\/categories?post=5312"},{"taxonomy":"post_tag","embeddable":true,"href":"https:\/\/coronelxavierchaves.mg.gov.br\/prefeitura\/wp-json\/wp\/v2\/tags?post=5312"}],"curies":[{"name":"wp","href":"https:\/\/api.w.org\/{rel}","templated":true}]}}