{"id":5345,"date":"2019-12-30T20:39:47","date_gmt":"2019-12-30T23:39:47","guid":{"rendered":"http:\/\/coronelxavierchaves.mg.gov.br\/prefeitura\/?p=5345"},"modified":"2019-12-30T20:39:47","modified_gmt":"2019-12-30T23:39:47","slug":"convocacao-de-aprovados-em-concurso-publico-01-2017-motorista-e-auxiliar-de-servico-de-saude-iii","status":"publish","type":"post","link":"https:\/\/coronelxavierchaves.mg.gov.br\/prefeitura\/2019\/12\/30\/convocacao-de-aprovados-em-concurso-publico-01-2017-motorista-e-auxiliar-de-servico-de-saude-iii\/","title":{"rendered":"Convoca\u00e7\u00e3o de aprovados em Concurso P\u00fablico 01\/2017: Motorista e Auxiliar de Servi\u00e7o de Sa\u00fade III"},"content":{"rendered":"<ul>\n<li><a href=\"http:\/\/coronelxavierchaves.mg.gov.br\/prefeitura\/wp-content\/uploads\/2019\/12\/EDITAL-DE-CONVOCA\u00c7\u00c3O-PARA-CONTRATA\u00c7\u00c3O-TEMPOR\u00c1RIA-DE-MOTORISTA.pdf\" target=\"_blank\" rel=\"noopener noreferrer\">EDITAL DE CONVOCA\u00c7\u00c3O: MOTORISTA<\/a>, publicado em 30\/12\/2019 \u00e0s 20:39h.<\/li>\n<li><a href=\"http:\/\/coronelxavierchaves.mg.gov.br\/prefeitura\/wp-content\/uploads\/2019\/12\/EDITAL-DE-CONVOCA\u00c7\u00c3O-PARA-CONTRATA\u00c7\u00c3O-TEMPOR\u00c1RIA-DE-AUXILIAR-DE-SERVI\u00c7O-DE-SA\u00daDE-III.pdf\" target=\"_blank\" rel=\"noopener noreferrer\">EDITAL DE CONVOCA\u00c7\u00c3O: AUXILIAR DE SERVI\u00c7O DE SA\u00daDE<\/a>, publicado em 30\/12\/2019 \u00e0s 20:39h.<\/li>\n<\/ul>\n","protected":false},"excerpt":{"rendered":"<p>EDITAL DE CONVOCA\u00c7\u00c3O: MOTORISTA, publicado em 30\/12\/2019 \u00e0s 20:39h. EDITAL DE CONVOCA\u00c7\u00c3O: AUXILIAR DE SERVI\u00c7O DE SA\u00daDE, publicado em 30\/12\/2019 \u00e0s 20:39h.<\/p>\n","protected":false},"author":1,"featured_media":4366,"comment_status":"open","ping_status":"open","sticky":false,"template":"","format":"standard","meta":{"footnotes":"","_links_to":"","_links_to_target":""},"categories":[42],"tags":[],"class_list":{"0":"post-5345","1":"post","2":"type-post","3":"status-publish","4":"format-standard","5":"has-post-thumbnail","7":"category-editais-de-convocacao-e-contratacao-2019"},"_links":{"self":[{"href":"https:\/\/coronelxavierchaves.mg.gov.br\/prefeitura\/wp-json\/wp\/v2\/posts\/5345","targetHints":{"allow":["GET"]}}],"collection":[{"href":"https:\/\/coronelxavierchaves.mg.gov.br\/prefeitura\/wp-json\/wp\/v2\/posts"}],"about":[{"href":"https:\/\/coronelxavierchaves.mg.gov.br\/prefeitura\/wp-json\/wp\/v2\/types\/post"}],"author":[{"embeddable":true,"href":"https:\/\/coronelxavierchaves.mg.gov.br\/prefeitura\/wp-json\/wp\/v2\/users\/1"}],"replies":[{"embeddable":true,"href":"https:\/\/coronelxavierchaves.mg.gov.br\/prefeitura\/wp-json\/wp\/v2\/comments?post=5345"}],"version-history":[{"count":1,"href":"https:\/\/coronelxavierchaves.mg.gov.br\/prefeitura\/wp-json\/wp\/v2\/posts\/5345\/revisions"}],"predecessor-version":[{"id":5384,"href":"https:\/\/coronelxavierchaves.mg.gov.br\/prefeitura\/wp-json\/wp\/v2\/posts\/5345\/revisions\/5384"}],"wp:featuredmedia":[{"embeddable":true,"href":"https:\/\/coronelxavierchaves.mg.gov.br\/prefeitura\/wp-json\/wp\/v2\/media\/4366"}],"wp:attachment":[{"href":"https:\/\/coronelxavierchaves.mg.gov.br\/prefeitura\/wp-json\/wp\/v2\/media?parent=5345"}],"wp:term":[{"taxonomy":"category","embeddable":true,"href":"https:\/\/coronelxavierchaves.mg.gov.br\/prefeitura\/wp-json\/wp\/v2\/categories?post=5345"},{"taxonomy":"post_tag","embeddable":true,"href":"https:\/\/coronelxavierchaves.mg.gov.br\/prefeitura\/wp-json\/wp\/v2\/tags?post=5345"}],"curies":[{"name":"wp","href":"https:\/\/api.w.org\/{rel}","templated":true}]}}