{"id":6030,"date":"2020-03-23T18:59:33","date_gmt":"2020-03-23T21:59:33","guid":{"rendered":"http:\/\/coronelxavierchaves.mg.gov.br\/prefeitura\/?p=6030"},"modified":"2020-03-23T18:59:33","modified_gmt":"2020-03-23T21:59:33","slug":"recado-importante-do-dr-marcelo-cadilhe-a-populacao-de-coronel-xavier-chaves","status":"publish","type":"post","link":"https:\/\/coronelxavierchaves.mg.gov.br\/prefeitura\/2020\/03\/23\/recado-importante-do-dr-marcelo-cadilhe-a-populacao-de-coronel-xavier-chaves\/","title":{"rendered":"Recado importante do Dr. Marcelo Cadilhe \u00e0 popula\u00e7\u00e3o de Coronel Xavier Chaves"},"content":{"rendered":"<div id=\"fb-root\"><\/div>\n<p><script async=\"1\" defer=\"1\" crossorigin=\"anonymous\" src=\"https:\/\/connect.facebook.net\/pt_BR\/sdk.js#xfbml=1&amp;version=v6.0\"><\/script><\/p>\n<div class=\"fb-post\" data-href=\"https:\/\/www.facebook.com\/coronel.xavierchaves\/posts\/2683069068470405\" data-width=\"696\">\n<blockquote cite=\"https:\/\/www.facebook.com\/coronel.xavierchaves\/posts\/2683069068470405\" class=\"fb-xfbml-parse-ignore\">\n<p>ATEN\u00c7\u00c3O!Recado importante do Dr. Marcelo Cadilhe \u00e0 popula\u00e7\u00e3o de Coronel Xavier Chaves.<\/p>\n<p>Publicado por <a href=\"https:\/\/www.facebook.com\/coronel.xavierchaves\">Coronel Xavier Chaves<\/a> em&nbsp;<a href=\"https:\/\/www.facebook.com\/coronel.xavierchaves\/posts\/2683069068470405\">Sexta-feira, 20 de mar\u00e7o de 2020<\/a><\/p><\/blockquote>\n<\/div>\n","protected":false},"excerpt":{"rendered":"<p>ATEN\u00c7\u00c3O!Recado importante do Dr. Marcelo Cadilhe \u00e0 popula\u00e7\u00e3o de Coronel Xavier Chaves. Publicado por Coronel Xavier Chaves em&nbsp;Sexta-feira, 20 de mar\u00e7o de 2020<\/p>\n","protected":false},"author":1,"featured_media":6031,"comment_status":"open","ping_status":"open","sticky":false,"template":"","format":"standard","meta":{"footnotes":"","_links_to":"","_links_to_target":""},"categories":[1],"tags":[],"class_list":{"0":"post-6030","1":"post","2":"type-post","3":"status-publish","4":"format-standard","5":"has-post-thumbnail","7":"category-noticias"},"_links":{"self":[{"href":"https:\/\/coronelxavierchaves.mg.gov.br\/prefeitura\/wp-json\/wp\/v2\/posts\/6030","targetHints":{"allow":["GET"]}}],"collection":[{"href":"https:\/\/coronelxavierchaves.mg.gov.br\/prefeitura\/wp-json\/wp\/v2\/posts"}],"about":[{"href":"https:\/\/coronelxavierchaves.mg.gov.br\/prefeitura\/wp-json\/wp\/v2\/types\/post"}],"author":[{"embeddable":true,"href":"https:\/\/coronelxavierchaves.mg.gov.br\/prefeitura\/wp-json\/wp\/v2\/users\/1"}],"replies":[{"embeddable":true,"href":"https:\/\/coronelxavierchaves.mg.gov.br\/prefeitura\/wp-json\/wp\/v2\/comments?post=6030"}],"version-history":[{"count":1,"href":"https:\/\/coronelxavierchaves.mg.gov.br\/prefeitura\/wp-json\/wp\/v2\/posts\/6030\/revisions"}],"predecessor-version":[{"id":6032,"href":"https:\/\/coronelxavierchaves.mg.gov.br\/prefeitura\/wp-json\/wp\/v2\/posts\/6030\/revisions\/6032"}],"wp:featuredmedia":[{"embeddable":true,"href":"https:\/\/coronelxavierchaves.mg.gov.br\/prefeitura\/wp-json\/wp\/v2\/media\/6031"}],"wp:attachment":[{"href":"https:\/\/coronelxavierchaves.mg.gov.br\/prefeitura\/wp-json\/wp\/v2\/media?parent=6030"}],"wp:term":[{"taxonomy":"category","embeddable":true,"href":"https:\/\/coronelxavierchaves.mg.gov.br\/prefeitura\/wp-json\/wp\/v2\/categories?post=6030"},{"taxonomy":"post_tag","embeddable":true,"href":"https:\/\/coronelxavierchaves.mg.gov.br\/prefeitura\/wp-json\/wp\/v2\/tags?post=6030"}],"curies":[{"name":"wp","href":"https:\/\/api.w.org\/{rel}","templated":true}]}}