{"id":7875,"date":"2020-09-11T15:45:38","date_gmt":"2020-09-11T18:45:38","guid":{"rendered":"http:\/\/coronelxavierchaves.mg.gov.br\/prefeitura\/?p=7875"},"modified":"2020-10-09T08:00:59","modified_gmt":"2020-10-09T11:00:59","slug":"prazo-prorrogado-para-alistamento","status":"publish","type":"post","link":"https:\/\/coronelxavierchaves.mg.gov.br\/prefeitura\/2020\/09\/11\/prazo-prorrogado-para-alistamento\/","title":{"rendered":"Prazo prorrogado para alistamento"},"content":{"rendered":"<p><img loading=\"lazy\" decoding=\"async\" class=\"aligncenter wp-image-7877 size-large\" src=\"http:\/\/coronelxavierchaves.mg.gov.br\/prefeitura\/wp-content\/uploads\/2020\/09\/Alistamento-Online-2020-_PRAZO-PRORROGADO-Banner-1024x663.png\" alt=\"\" width=\"696\" height=\"451\" srcset=\"https:\/\/coronelxavierchaves.mg.gov.br\/prefeitura\/wp-content\/uploads\/2020\/09\/Alistamento-Online-2020-_PRAZO-PRORROGADO-Banner-1024x663.png 1024w, https:\/\/coronelxavierchaves.mg.gov.br\/prefeitura\/wp-content\/uploads\/2020\/09\/Alistamento-Online-2020-_PRAZO-PRORROGADO-Banner-300x194.png 300w, https:\/\/coronelxavierchaves.mg.gov.br\/prefeitura\/wp-content\/uploads\/2020\/09\/Alistamento-Online-2020-_PRAZO-PRORROGADO-Banner-768x497.png 768w, https:\/\/coronelxavierchaves.mg.gov.br\/prefeitura\/wp-content\/uploads\/2020\/09\/Alistamento-Online-2020-_PRAZO-PRORROGADO-Banner-1536x995.png 1536w, https:\/\/coronelxavierchaves.mg.gov.br\/prefeitura\/wp-content\/uploads\/2020\/09\/Alistamento-Online-2020-_PRAZO-PRORROGADO-Banner-696x451.png 696w, https:\/\/coronelxavierchaves.mg.gov.br\/prefeitura\/wp-content\/uploads\/2020\/09\/Alistamento-Online-2020-_PRAZO-PRORROGADO-Banner-1068x692.png 1068w, https:\/\/coronelxavierchaves.mg.gov.br\/prefeitura\/wp-content\/uploads\/2020\/09\/Alistamento-Online-2020-_PRAZO-PRORROGADO-Banner-649x420.png 649w, https:\/\/coronelxavierchaves.mg.gov.br\/prefeitura\/wp-content\/uploads\/2020\/09\/Alistamento-Online-2020-_PRAZO-PRORROGADO-Banner.png 1186w\" sizes=\"auto, (max-width: 696px) 100vw, 696px\" \/><\/p>\n<p>O alistamento para os servi\u00e7os militares foi prorrogado at\u00e9 o dia 30 de setembro de 2020. Voc\u00ea que completa 18 anos em 2020 deve se alistar nas For\u00e7as Armadas atrav\u00e9s do site: <a href=\"http:\/\/www.alistamento.eb.mil.br\" target=\"_blank\" rel=\"noopener noreferrer\">www.alistamento.eb.mil.br<\/a><\/p>\n","protected":false},"excerpt":{"rendered":"<p>O alistamento para os servi\u00e7os militares foi prorrogado at\u00e9 o dia 30 de setembro de 2020. Voc\u00ea que completa 18 anos em 2020 deve se alistar nas For\u00e7as Armadas atrav\u00e9s do site: www.alistamento.eb.mil.br<\/p>\n","protected":false},"author":3,"featured_media":7877,"comment_status":"open","ping_status":"open","sticky":false,"template":"","format":"standard","meta":{"footnotes":"","_links_to":"","_links_to_target":""},"categories":[1],"tags":[],"class_list":{"0":"post-7875","1":"post","2":"type-post","3":"status-publish","4":"format-standard","5":"has-post-thumbnail","7":"category-noticias"},"_links":{"self":[{"href":"https:\/\/coronelxavierchaves.mg.gov.br\/prefeitura\/wp-json\/wp\/v2\/posts\/7875","targetHints":{"allow":["GET"]}}],"collection":[{"href":"https:\/\/coronelxavierchaves.mg.gov.br\/prefeitura\/wp-json\/wp\/v2\/posts"}],"about":[{"href":"https:\/\/coronelxavierchaves.mg.gov.br\/prefeitura\/wp-json\/wp\/v2\/types\/post"}],"author":[{"embeddable":true,"href":"https:\/\/coronelxavierchaves.mg.gov.br\/prefeitura\/wp-json\/wp\/v2\/users\/3"}],"replies":[{"embeddable":true,"href":"https:\/\/coronelxavierchaves.mg.gov.br\/prefeitura\/wp-json\/wp\/v2\/comments?post=7875"}],"version-history":[{"count":5,"href":"https:\/\/coronelxavierchaves.mg.gov.br\/prefeitura\/wp-json\/wp\/v2\/posts\/7875\/revisions"}],"predecessor-version":[{"id":7882,"href":"https:\/\/coronelxavierchaves.mg.gov.br\/prefeitura\/wp-json\/wp\/v2\/posts\/7875\/revisions\/7882"}],"wp:featuredmedia":[{"embeddable":true,"href":"https:\/\/coronelxavierchaves.mg.gov.br\/prefeitura\/wp-json\/wp\/v2\/media\/7877"}],"wp:attachment":[{"href":"https:\/\/coronelxavierchaves.mg.gov.br\/prefeitura\/wp-json\/wp\/v2\/media?parent=7875"}],"wp:term":[{"taxonomy":"category","embeddable":true,"href":"https:\/\/coronelxavierchaves.mg.gov.br\/prefeitura\/wp-json\/wp\/v2\/categories?post=7875"},{"taxonomy":"post_tag","embeddable":true,"href":"https:\/\/coronelxavierchaves.mg.gov.br\/prefeitura\/wp-json\/wp\/v2\/tags?post=7875"}],"curies":[{"name":"wp","href":"https:\/\/api.w.org\/{rel}","templated":true}]}}