{"id":8432,"date":"2020-11-23T11:45:51","date_gmt":"2020-11-23T14:45:51","guid":{"rendered":"http:\/\/coronelxavierchaves.mg.gov.br\/prefeitura\/?p=8432"},"modified":"2020-11-23T11:46:50","modified_gmt":"2020-11-23T14:46:50","slug":"as-redes-sociais-da-prefeitura-estao-de-volta","status":"publish","type":"post","link":"https:\/\/coronelxavierchaves.mg.gov.br\/prefeitura\/2020\/11\/23\/as-redes-sociais-da-prefeitura-estao-de-volta\/","title":{"rendered":"As redes sociais da prefeitura est\u00e3o de volta!"},"content":{"rendered":"<div>\n<div>\n<div dir=\"auto\" style=\"text-align: center;\"><span style=\"font-family: 'times new roman', times, serif; font-size: 14pt;\">Bom dia xavierenses!<\/span><\/div>\n<\/div>\n<div>\n<div dir=\"auto\" style=\"text-align: justify;\"><span style=\"font-family: 'times new roman', times, serif; font-size: 14pt;\">As redes sociais da Prefeitura Municipal de Coronel Xavier Chaves j\u00e1 est\u00e3o no ar novamente. Continue nos acompanhando no facebook e instagram para receber not\u00edcias e comunicados da cidade.<\/span><\/div>\n<\/div>\n<\/div>\n<div><\/div>\n<p><img loading=\"lazy\" decoding=\"async\" class=\"aligncenter wp-image-8433 size-large\" src=\"http:\/\/coronelxavierchaves.mg.gov.br\/prefeitura\/wp-content\/uploads\/2020\/11\/Estamos-de-volta-1024x1024.jpg\" alt=\"\" width=\"696\" height=\"696\" srcset=\"https:\/\/coronelxavierchaves.mg.gov.br\/prefeitura\/wp-content\/uploads\/2020\/11\/Estamos-de-volta-1024x1024.jpg 1024w, https:\/\/coronelxavierchaves.mg.gov.br\/prefeitura\/wp-content\/uploads\/2020\/11\/Estamos-de-volta-300x300.jpg 300w, https:\/\/coronelxavierchaves.mg.gov.br\/prefeitura\/wp-content\/uploads\/2020\/11\/Estamos-de-volta-130x130.jpg 130w, https:\/\/coronelxavierchaves.mg.gov.br\/prefeitura\/wp-content\/uploads\/2020\/11\/Estamos-de-volta.jpg 768w, https:\/\/coronelxavierchaves.mg.gov.br\/prefeitura\/wp-content\/uploads\/2020\/11\/Estamos-de-volta-1536x1536.jpg 1536w, https:\/\/coronelxavierchaves.mg.gov.br\/prefeitura\/wp-content\/uploads\/2020\/11\/Estamos-de-volta-696x696.jpg 696w, https:\/\/coronelxavierchaves.mg.gov.br\/prefeitura\/wp-content\/uploads\/2020\/11\/Estamos-de-volta-1068x1068.jpg 1068w, https:\/\/coronelxavierchaves.mg.gov.br\/prefeitura\/wp-content\/uploads\/2020\/11\/Estamos-de-volta-420x420.jpg 420w, https:\/\/coronelxavierchaves.mg.gov.br\/prefeitura\/wp-content\/uploads\/2020\/11\/Estamos-de-volta-45x45.jpg 45w\" sizes=\"auto, (max-width: 696px) 100vw, 696px\" \/><\/p>\n","protected":false},"excerpt":{"rendered":"<p>Bom dia xavierenses! As redes sociais da Prefeitura Municipal de Coronel Xavier Chaves j\u00e1 est\u00e3o no ar novamente. Continue nos acompanhando no facebook e instagram para receber not\u00edcias e comunicados da cidade.<\/p>\n","protected":false},"author":3,"featured_media":8433,"comment_status":"open","ping_status":"open","sticky":false,"template":"","format":"standard","meta":{"footnotes":"","_links_to":"","_links_to_target":""},"categories":[1],"tags":[],"class_list":{"0":"post-8432","1":"post","2":"type-post","3":"status-publish","4":"format-standard","5":"has-post-thumbnail","7":"category-noticias"},"_links":{"self":[{"href":"https:\/\/coronelxavierchaves.mg.gov.br\/prefeitura\/wp-json\/wp\/v2\/posts\/8432","targetHints":{"allow":["GET"]}}],"collection":[{"href":"https:\/\/coronelxavierchaves.mg.gov.br\/prefeitura\/wp-json\/wp\/v2\/posts"}],"about":[{"href":"https:\/\/coronelxavierchaves.mg.gov.br\/prefeitura\/wp-json\/wp\/v2\/types\/post"}],"author":[{"embeddable":true,"href":"https:\/\/coronelxavierchaves.mg.gov.br\/prefeitura\/wp-json\/wp\/v2\/users\/3"}],"replies":[{"embeddable":true,"href":"https:\/\/coronelxavierchaves.mg.gov.br\/prefeitura\/wp-json\/wp\/v2\/comments?post=8432"}],"version-history":[{"count":1,"href":"https:\/\/coronelxavierchaves.mg.gov.br\/prefeitura\/wp-json\/wp\/v2\/posts\/8432\/revisions"}],"predecessor-version":[{"id":8434,"href":"https:\/\/coronelxavierchaves.mg.gov.br\/prefeitura\/wp-json\/wp\/v2\/posts\/8432\/revisions\/8434"}],"wp:featuredmedia":[{"embeddable":true,"href":"https:\/\/coronelxavierchaves.mg.gov.br\/prefeitura\/wp-json\/wp\/v2\/media\/8433"}],"wp:attachment":[{"href":"https:\/\/coronelxavierchaves.mg.gov.br\/prefeitura\/wp-json\/wp\/v2\/media?parent=8432"}],"wp:term":[{"taxonomy":"category","embeddable":true,"href":"https:\/\/coronelxavierchaves.mg.gov.br\/prefeitura\/wp-json\/wp\/v2\/categories?post=8432"},{"taxonomy":"post_tag","embeddable":true,"href":"https:\/\/coronelxavierchaves.mg.gov.br\/prefeitura\/wp-json\/wp\/v2\/tags?post=8432"}],"curies":[{"name":"wp","href":"https:\/\/api.w.org\/{rel}","templated":true}]}}