{"id":8569,"date":"2020-12-04T11:11:28","date_gmt":"2020-12-04T14:11:28","guid":{"rendered":"http:\/\/coronelxavierchaves.mg.gov.br\/prefeitura\/?p=8569"},"modified":"2020-12-04T11:12:53","modified_gmt":"2020-12-04T14:12:53","slug":"cronograma-de-entrega-das-atividades-11a-etapa","status":"publish","type":"post","link":"https:\/\/coronelxavierchaves.mg.gov.br\/prefeitura\/2020\/12\/04\/cronograma-de-entrega-das-atividades-11a-etapa\/","title":{"rendered":"Cronograma de entrega das atividades &#8211; 11\u00aa etapa"},"content":{"rendered":"<div style=\"text-align: justify;\"><span style=\"font-size: 12pt;\">Na pr\u00f3xima segunda-feira, dia 07 de dezembro de 2020, haver\u00e1 entrega das atividades remotas aos alunos da Escola Municipal Sebasti\u00e3o Patr\u00edcio Pinto. Confira os hor\u00e1rios de entrega para cada turma e localiza\u00e7\u00e3o!\u00a0<\/span><\/div>\n<div><\/div>\n<div><\/div>\n<p><img loading=\"lazy\" decoding=\"async\" class=\"aligncenter wp-image-8570 size-large\" src=\"http:\/\/coronelxavierchaves.mg.gov.br\/prefeitura\/wp-content\/uploads\/2020\/12\/cronograma-cidade-23-11-1024x722.jpg\" alt=\"\" width=\"696\" height=\"491\" srcset=\"https:\/\/coronelxavierchaves.mg.gov.br\/prefeitura\/wp-content\/uploads\/2020\/12\/cronograma-cidade-23-11-1024x722.jpg 1024w, https:\/\/coronelxavierchaves.mg.gov.br\/prefeitura\/wp-content\/uploads\/2020\/12\/cronograma-cidade-23-11-300x211.jpg 300w, https:\/\/coronelxavierchaves.mg.gov.br\/prefeitura\/wp-content\/uploads\/2020\/12\/cronograma-cidade-23-11-768x541.jpg 768w, https:\/\/coronelxavierchaves.mg.gov.br\/prefeitura\/wp-content\/uploads\/2020\/12\/cronograma-cidade-23-11-1536x1083.jpg 1536w, https:\/\/coronelxavierchaves.mg.gov.br\/prefeitura\/wp-content\/uploads\/2020\/12\/cronograma-cidade-23-11-2048x1444.jpg 2048w, https:\/\/coronelxavierchaves.mg.gov.br\/prefeitura\/wp-content\/uploads\/2020\/12\/cronograma-cidade-23-11-100x70.jpg 100w, https:\/\/coronelxavierchaves.mg.gov.br\/prefeitura\/wp-content\/uploads\/2020\/12\/cronograma-cidade-23-11-696x491.jpg 696w, https:\/\/coronelxavierchaves.mg.gov.br\/prefeitura\/wp-content\/uploads\/2020\/12\/cronograma-cidade-23-11-1068x753.jpg 1068w, https:\/\/coronelxavierchaves.mg.gov.br\/prefeitura\/wp-content\/uploads\/2020\/12\/cronograma-cidade-23-11-596x420.jpg 596w, https:\/\/coronelxavierchaves.mg.gov.br\/prefeitura\/wp-content\/uploads\/2020\/12\/cronograma-cidade-23-11-1920x1353.jpg 1920w, https:\/\/coronelxavierchaves.mg.gov.br\/prefeitura\/wp-content\/uploads\/2020\/12\/cronograma-cidade-23-11-scaled.jpg 1090w\" sizes=\"auto, (max-width: 696px) 100vw, 696px\" \/> <img loading=\"lazy\" decoding=\"async\" class=\"aligncenter wp-image-8571 size-large\" src=\"http:\/\/coronelxavierchaves.mg.gov.br\/prefeitura\/wp-content\/uploads\/2020\/12\/cronograma-zona-rural-23-11-722x1024.jpg\" alt=\"\" width=\"696\" height=\"987\" srcset=\"https:\/\/coronelxavierchaves.mg.gov.br\/prefeitura\/wp-content\/uploads\/2020\/12\/cronograma-zona-rural-23-11-722x1024.jpg 722w, https:\/\/coronelxavierchaves.mg.gov.br\/prefeitura\/wp-content\/uploads\/2020\/12\/cronograma-zona-rural-23-11-211x300.jpg 211w, https:\/\/coronelxavierchaves.mg.gov.br\/prefeitura\/wp-content\/uploads\/2020\/12\/cronograma-zona-rural-23-11-768x1090.jpg 768w, https:\/\/coronelxavierchaves.mg.gov.br\/prefeitura\/wp-content\/uploads\/2020\/12\/cronograma-zona-rural-23-11-1083x1536.jpg 1083w, https:\/\/coronelxavierchaves.mg.gov.br\/prefeitura\/wp-content\/uploads\/2020\/12\/cronograma-zona-rural-23-11-1444x2048.jpg 1444w, https:\/\/coronelxavierchaves.mg.gov.br\/prefeitura\/wp-content\/uploads\/2020\/12\/cronograma-zona-rural-23-11-696x987.jpg 696w, https:\/\/coronelxavierchaves.mg.gov.br\/prefeitura\/wp-content\/uploads\/2020\/12\/cronograma-zona-rural-23-11-1068x1515.jpg 1068w, https:\/\/coronelxavierchaves.mg.gov.br\/prefeitura\/wp-content\/uploads\/2020\/12\/cronograma-zona-rural-23-11-296x420.jpg 296w, https:\/\/coronelxavierchaves.mg.gov.br\/prefeitura\/wp-content\/uploads\/2020\/12\/cronograma-zona-rural-23-11-scaled.jpg 541w\" sizes=\"auto, (max-width: 696px) 100vw, 696px\" \/><\/p>\n","protected":false},"excerpt":{"rendered":"<p>Na pr\u00f3xima segunda-feira, dia 07 de dezembro de 2020, haver\u00e1 entrega das atividades remotas aos alunos da Escola Municipal Sebasti\u00e3o Patr\u00edcio Pinto. Confira os hor\u00e1rios de entrega para cada turma e localiza\u00e7\u00e3o!\u00a0<\/p>\n","protected":false},"author":3,"featured_media":8570,"comment_status":"open","ping_status":"open","sticky":false,"template":"","format":"standard","meta":{"footnotes":"","_links_to":"","_links_to_target":""},"categories":[1],"tags":[],"class_list":{"0":"post-8569","1":"post","2":"type-post","3":"status-publish","4":"format-standard","5":"has-post-thumbnail","7":"category-noticias"},"_links":{"self":[{"href":"https:\/\/coronelxavierchaves.mg.gov.br\/prefeitura\/wp-json\/wp\/v2\/posts\/8569","targetHints":{"allow":["GET"]}}],"collection":[{"href":"https:\/\/coronelxavierchaves.mg.gov.br\/prefeitura\/wp-json\/wp\/v2\/posts"}],"about":[{"href":"https:\/\/coronelxavierchaves.mg.gov.br\/prefeitura\/wp-json\/wp\/v2\/types\/post"}],"author":[{"embeddable":true,"href":"https:\/\/coronelxavierchaves.mg.gov.br\/prefeitura\/wp-json\/wp\/v2\/users\/3"}],"replies":[{"embeddable":true,"href":"https:\/\/coronelxavierchaves.mg.gov.br\/prefeitura\/wp-json\/wp\/v2\/comments?post=8569"}],"version-history":[{"count":2,"href":"https:\/\/coronelxavierchaves.mg.gov.br\/prefeitura\/wp-json\/wp\/v2\/posts\/8569\/revisions"}],"predecessor-version":[{"id":8573,"href":"https:\/\/coronelxavierchaves.mg.gov.br\/prefeitura\/wp-json\/wp\/v2\/posts\/8569\/revisions\/8573"}],"wp:featuredmedia":[{"embeddable":true,"href":"https:\/\/coronelxavierchaves.mg.gov.br\/prefeitura\/wp-json\/wp\/v2\/media\/8570"}],"wp:attachment":[{"href":"https:\/\/coronelxavierchaves.mg.gov.br\/prefeitura\/wp-json\/wp\/v2\/media?parent=8569"}],"wp:term":[{"taxonomy":"category","embeddable":true,"href":"https:\/\/coronelxavierchaves.mg.gov.br\/prefeitura\/wp-json\/wp\/v2\/categories?post=8569"},{"taxonomy":"post_tag","embeddable":true,"href":"https:\/\/coronelxavierchaves.mg.gov.br\/prefeitura\/wp-json\/wp\/v2\/tags?post=8569"}],"curies":[{"name":"wp","href":"https:\/\/api.w.org\/{rel}","templated":true}]}}