{"id":8639,"date":"2020-12-15T08:12:30","date_gmt":"2020-12-15T11:12:30","guid":{"rendered":"http:\/\/coronelxavierchaves.mg.gov.br\/prefeitura\/?p=8639"},"modified":"2020-12-15T08:12:30","modified_gmt":"2020-12-15T11:12:30","slug":"projeto-consciencia-ambiental-seleciona-quatro-novos-alunos","status":"publish","type":"post","link":"https:\/\/coronelxavierchaves.mg.gov.br\/prefeitura\/2020\/12\/15\/projeto-consciencia-ambiental-seleciona-quatro-novos-alunos\/","title":{"rendered":"Projeto Consci\u00eancia Ambiental seleciona quatro novos alunos"},"content":{"rendered":"<p><img loading=\"lazy\" decoding=\"async\" class=\"aligncenter wp-image-8640 size-large\" src=\"http:\/\/coronelxavierchaves.mg.gov.br\/prefeitura\/wp-content\/uploads\/2020\/12\/WhatsApp-Image-2020-12-14-at-09.36.48-1024x576.jpeg\" alt=\"\" width=\"696\" height=\"392\" srcset=\"https:\/\/coronelxavierchaves.mg.gov.br\/prefeitura\/wp-content\/uploads\/2020\/12\/WhatsApp-Image-2020-12-14-at-09.36.48-1024x576.jpeg 1024w, https:\/\/coronelxavierchaves.mg.gov.br\/prefeitura\/wp-content\/uploads\/2020\/12\/WhatsApp-Image-2020-12-14-at-09.36.48-300x169.jpeg 300w, https:\/\/coronelxavierchaves.mg.gov.br\/prefeitura\/wp-content\/uploads\/2020\/12\/WhatsApp-Image-2020-12-14-at-09.36.48-768x432.jpeg 768w, https:\/\/coronelxavierchaves.mg.gov.br\/prefeitura\/wp-content\/uploads\/2020\/12\/WhatsApp-Image-2020-12-14-at-09.36.48-696x392.jpeg 696w, https:\/\/coronelxavierchaves.mg.gov.br\/prefeitura\/wp-content\/uploads\/2020\/12\/WhatsApp-Image-2020-12-14-at-09.36.48-1068x601.jpeg 1068w, https:\/\/coronelxavierchaves.mg.gov.br\/prefeitura\/wp-content\/uploads\/2020\/12\/WhatsApp-Image-2020-12-14-at-09.36.48-747x420.jpeg 747w, https:\/\/coronelxavierchaves.mg.gov.br\/prefeitura\/wp-content\/uploads\/2020\/12\/WhatsApp-Image-2020-12-14-at-09.36.48.jpeg 1280w\" sizes=\"auto, (max-width: 696px) 100vw, 696px\" \/><\/p>\n<p style=\"text-align: justify;\">O projeto \u201cConsci\u00eancia Ambiental\u201d foi criado pela Prefeitura Municipal em parceria com a Escola Estadual Coronel Xavier Chaves (EECXC) no ano de 2019, com o prop\u00f3sito de ingressar jovens no in\u00edcio da forma\u00e7\u00e3o profissional nas quest\u00f5es ambientais do munic\u00edpio.<\/p>\n<p style=\"text-align: justify;\">O objetivo do Projeto \u00e9 que jovens com potencial e ideias inovadoras possam contribuir para a conserva\u00e7\u00e3o, prote\u00e7\u00e3o, preserva\u00e7\u00e3o do meio ambiente, al\u00e9m da melhoria da qualidade de vida dos cidad\u00e3os, no intuito de formar uma popula\u00e7\u00e3o preocupada com a situa\u00e7\u00e3o ambiental do munic\u00edpio atrav\u00e9s de iniciativas de educa\u00e7\u00e3o e sensibiliza\u00e7\u00e3o.<\/p>\n<p style=\"text-align: justify;\">Para o desenvolvimento do Projeto, s\u00e3o selecionados anualmente 4 (quatro) alunos que estejam cursando o 3\u00ba ano do ensino m\u00e9dio, por meio de uma prova envolvendo conte\u00fados de ecologia, ci\u00eancias ambientais e reda\u00e7\u00e3o. A prova de sele\u00e7\u00e3o leva em considera\u00e7\u00e3o conhecimentos espec\u00edficos e principalmente a capacidade de interpreta\u00e7\u00e3o, argumentos, embasamento te\u00f3rico e persuas\u00e3o do candidato, de forma que sejam selecionados alunos com senso cr\u00edtico que de fato poder\u00e3o oferecer ideias eficazes.<\/p>\n<p style=\"text-align: justify;\">O Edital do Processo de sele\u00e7\u00e3o, inscri\u00e7\u00f5es e provas s\u00e3o realizados exclusivamente pela Escola Estadual e professor orientador, onde a prefeitura em momento algum interfere nas etapas, dando total autonomia \u00e0 escola a realiza\u00e7\u00e3o do mesmo.<\/p>\n<p style=\"text-align: justify;\">Neste ano, devido a pandemia do Coronav\u00edrus, a prova de sele\u00e7\u00e3o dos alunos que ir\u00e3o atuar no Projeto em 2021 ocorreu remotamente e foi realizada no dia 30 de novembro.<\/p>\n","protected":false},"excerpt":{"rendered":"<p>O projeto \u201cConsci\u00eancia Ambiental\u201d foi criado pela Prefeitura Municipal em parceria com a Escola Estadual Coronel Xavier Chaves (EECXC) no ano de 2019, com o prop\u00f3sito de ingressar jovens no in\u00edcio da forma\u00e7\u00e3o profissional nas quest\u00f5es ambientais do munic\u00edpio. O objetivo do Projeto \u00e9 que jovens com potencial e ideias inovadoras possam contribuir para a [&hellip;]<\/p>\n","protected":false},"author":3,"featured_media":8640,"comment_status":"open","ping_status":"open","sticky":false,"template":"","format":"standard","meta":{"footnotes":"","_links_to":"","_links_to_target":""},"categories":[1],"tags":[],"class_list":{"0":"post-8639","1":"post","2":"type-post","3":"status-publish","4":"format-standard","5":"has-post-thumbnail","7":"category-noticias"},"_links":{"self":[{"href":"https:\/\/coronelxavierchaves.mg.gov.br\/prefeitura\/wp-json\/wp\/v2\/posts\/8639","targetHints":{"allow":["GET"]}}],"collection":[{"href":"https:\/\/coronelxavierchaves.mg.gov.br\/prefeitura\/wp-json\/wp\/v2\/posts"}],"about":[{"href":"https:\/\/coronelxavierchaves.mg.gov.br\/prefeitura\/wp-json\/wp\/v2\/types\/post"}],"author":[{"embeddable":true,"href":"https:\/\/coronelxavierchaves.mg.gov.br\/prefeitura\/wp-json\/wp\/v2\/users\/3"}],"replies":[{"embeddable":true,"href":"https:\/\/coronelxavierchaves.mg.gov.br\/prefeitura\/wp-json\/wp\/v2\/comments?post=8639"}],"version-history":[{"count":1,"href":"https:\/\/coronelxavierchaves.mg.gov.br\/prefeitura\/wp-json\/wp\/v2\/posts\/8639\/revisions"}],"predecessor-version":[{"id":8641,"href":"https:\/\/coronelxavierchaves.mg.gov.br\/prefeitura\/wp-json\/wp\/v2\/posts\/8639\/revisions\/8641"}],"wp:featuredmedia":[{"embeddable":true,"href":"https:\/\/coronelxavierchaves.mg.gov.br\/prefeitura\/wp-json\/wp\/v2\/media\/8640"}],"wp:attachment":[{"href":"https:\/\/coronelxavierchaves.mg.gov.br\/prefeitura\/wp-json\/wp\/v2\/media?parent=8639"}],"wp:term":[{"taxonomy":"category","embeddable":true,"href":"https:\/\/coronelxavierchaves.mg.gov.br\/prefeitura\/wp-json\/wp\/v2\/categories?post=8639"},{"taxonomy":"post_tag","embeddable":true,"href":"https:\/\/coronelxavierchaves.mg.gov.br\/prefeitura\/wp-json\/wp\/v2\/tags?post=8639"}],"curies":[{"name":"wp","href":"https:\/\/api.w.org\/{rel}","templated":true}]}}