{"id":8682,"date":"2020-12-21T16:37:27","date_gmt":"2020-12-21T19:37:27","guid":{"rendered":"http:\/\/coronelxavierchaves.mg.gov.br\/prefeitura\/?p=8682"},"modified":"2020-12-21T16:37:27","modified_gmt":"2020-12-21T19:37:27","slug":"processo-seletivo-simplificado","status":"publish","type":"post","link":"https:\/\/coronelxavierchaves.mg.gov.br\/prefeitura\/2020\/12\/21\/processo-seletivo-simplificado\/","title":{"rendered":"Processo seletivo simplificado!"},"content":{"rendered":"<p><img loading=\"lazy\" decoding=\"async\" class=\"aligncenter wp-image-8683 size-full\" src=\"http:\/\/coronelxavierchaves.mg.gov.br\/prefeitura\/wp-content\/uploads\/2020\/12\/Processo-seletivo.jpg\" alt=\"\" width=\"768\" height=\"768\" srcset=\"https:\/\/coronelxavierchaves.mg.gov.br\/prefeitura\/wp-content\/uploads\/2020\/12\/Processo-seletivo.jpg 768w, https:\/\/coronelxavierchaves.mg.gov.br\/prefeitura\/wp-content\/uploads\/2020\/12\/Processo-seletivo-300x300.jpg 300w, https:\/\/coronelxavierchaves.mg.gov.br\/prefeitura\/wp-content\/uploads\/2020\/12\/Processo-seletivo-130x130.jpg 130w, https:\/\/coronelxavierchaves.mg.gov.br\/prefeitura\/wp-content\/uploads\/2020\/12\/Processo-seletivo-696x696.jpg 696w, https:\/\/coronelxavierchaves.mg.gov.br\/prefeitura\/wp-content\/uploads\/2020\/12\/Processo-seletivo-420x420.jpg 420w, https:\/\/coronelxavierchaves.mg.gov.br\/prefeitura\/wp-content\/uploads\/2020\/12\/Processo-seletivo-45x45.jpg 45w\" sizes=\"auto, (max-width: 768px) 100vw, 768px\" \/><\/p>\n<p>Processo seletivo simplificado! Vagas para: Agente de combate \u00e0s endemias &#8211; ACE, auxiliar de servi\u00e7o de sa\u00fade I, fiscal sanit\u00e1rio e psic\u00f3logo. Para mais informa\u00e7\u00f5es acesse: <a href=\"http:\/\/coronelxavierchaves.mg.gov.br\/prefeitura\/2020\/12\/16\/processo-seletivo-edital-005-2020\/\" target=\"_blank\" rel=\"noopener\">EDITAL<\/a><\/p>\n","protected":false},"excerpt":{"rendered":"<p>Processo seletivo simplificado! Vagas para: Agente de combate \u00e0s endemias &#8211; ACE, auxiliar de servi\u00e7o de sa\u00fade I, fiscal sanit\u00e1rio e psic\u00f3logo. Para mais informa\u00e7\u00f5es acesse: EDITAL<\/p>\n","protected":false},"author":3,"featured_media":8683,"comment_status":"open","ping_status":"open","sticky":false,"template":"","format":"standard","meta":{"footnotes":"","_links_to":"","_links_to_target":""},"categories":[1],"tags":[],"class_list":{"0":"post-8682","1":"post","2":"type-post","3":"status-publish","4":"format-standard","5":"has-post-thumbnail","7":"category-noticias"},"_links":{"self":[{"href":"https:\/\/coronelxavierchaves.mg.gov.br\/prefeitura\/wp-json\/wp\/v2\/posts\/8682","targetHints":{"allow":["GET"]}}],"collection":[{"href":"https:\/\/coronelxavierchaves.mg.gov.br\/prefeitura\/wp-json\/wp\/v2\/posts"}],"about":[{"href":"https:\/\/coronelxavierchaves.mg.gov.br\/prefeitura\/wp-json\/wp\/v2\/types\/post"}],"author":[{"embeddable":true,"href":"https:\/\/coronelxavierchaves.mg.gov.br\/prefeitura\/wp-json\/wp\/v2\/users\/3"}],"replies":[{"embeddable":true,"href":"https:\/\/coronelxavierchaves.mg.gov.br\/prefeitura\/wp-json\/wp\/v2\/comments?post=8682"}],"version-history":[{"count":1,"href":"https:\/\/coronelxavierchaves.mg.gov.br\/prefeitura\/wp-json\/wp\/v2\/posts\/8682\/revisions"}],"predecessor-version":[{"id":8685,"href":"https:\/\/coronelxavierchaves.mg.gov.br\/prefeitura\/wp-json\/wp\/v2\/posts\/8682\/revisions\/8685"}],"wp:featuredmedia":[{"embeddable":true,"href":"https:\/\/coronelxavierchaves.mg.gov.br\/prefeitura\/wp-json\/wp\/v2\/media\/8683"}],"wp:attachment":[{"href":"https:\/\/coronelxavierchaves.mg.gov.br\/prefeitura\/wp-json\/wp\/v2\/media?parent=8682"}],"wp:term":[{"taxonomy":"category","embeddable":true,"href":"https:\/\/coronelxavierchaves.mg.gov.br\/prefeitura\/wp-json\/wp\/v2\/categories?post=8682"},{"taxonomy":"post_tag","embeddable":true,"href":"https:\/\/coronelxavierchaves.mg.gov.br\/prefeitura\/wp-json\/wp\/v2\/tags?post=8682"}],"curies":[{"name":"wp","href":"https:\/\/api.w.org\/{rel}","templated":true}]}}