{"id":9111,"date":"2021-01-15T18:49:09","date_gmt":"2021-01-15T21:49:09","guid":{"rendered":"http:\/\/coronelxavierchaves.mg.gov.br\/prefeitura\/?p=9111"},"modified":"2021-01-15T18:52:03","modified_gmt":"2021-01-15T21:52:03","slug":"prefeitura-recebe-seringas-agulhas-para-a-vacinacao-contra-a-covid-19","status":"publish","type":"post","link":"https:\/\/coronelxavierchaves.mg.gov.br\/prefeitura\/2021\/01\/15\/prefeitura-recebe-seringas-agulhas-para-a-vacinacao-contra-a-covid-19\/","title":{"rendered":"Prefeitura recebe seringas e agulhas para a vacina\u00e7\u00e3o contra a COVID-19"},"content":{"rendered":"<p><img loading=\"lazy\" decoding=\"async\" class=\"aligncenter wp-image-9112 size-large\" src=\"http:\/\/coronelxavierchaves.mg.gov.br\/prefeitura\/wp-content\/uploads\/2021\/01\/2-Compra-de-seringas-e-agulhas-1024x1024.jpg\" alt=\"\" width=\"696\" height=\"696\" srcset=\"https:\/\/coronelxavierchaves.mg.gov.br\/prefeitura\/wp-content\/uploads\/2021\/01\/2-Compra-de-seringas-e-agulhas-1024x1024.jpg 1024w, https:\/\/coronelxavierchaves.mg.gov.br\/prefeitura\/wp-content\/uploads\/2021\/01\/2-Compra-de-seringas-e-agulhas-300x300.jpg 300w, https:\/\/coronelxavierchaves.mg.gov.br\/prefeitura\/wp-content\/uploads\/2021\/01\/2-Compra-de-seringas-e-agulhas-130x130.jpg 130w, https:\/\/coronelxavierchaves.mg.gov.br\/prefeitura\/wp-content\/uploads\/2021\/01\/2-Compra-de-seringas-e-agulhas-scaled.jpg 768w, https:\/\/coronelxavierchaves.mg.gov.br\/prefeitura\/wp-content\/uploads\/2021\/01\/2-Compra-de-seringas-e-agulhas-1536x1536.jpg 1536w, https:\/\/coronelxavierchaves.mg.gov.br\/prefeitura\/wp-content\/uploads\/2021\/01\/2-Compra-de-seringas-e-agulhas-2048x2048.jpg 2048w, https:\/\/coronelxavierchaves.mg.gov.br\/prefeitura\/wp-content\/uploads\/2021\/01\/2-Compra-de-seringas-e-agulhas-696x696.jpg 696w, https:\/\/coronelxavierchaves.mg.gov.br\/prefeitura\/wp-content\/uploads\/2021\/01\/2-Compra-de-seringas-e-agulhas-1068x1068.jpg 1068w, https:\/\/coronelxavierchaves.mg.gov.br\/prefeitura\/wp-content\/uploads\/2021\/01\/2-Compra-de-seringas-e-agulhas-420x420.jpg 420w, https:\/\/coronelxavierchaves.mg.gov.br\/prefeitura\/wp-content\/uploads\/2021\/01\/2-Compra-de-seringas-e-agulhas-1920x1920.jpg 1920w, https:\/\/coronelxavierchaves.mg.gov.br\/prefeitura\/wp-content\/uploads\/2021\/01\/2-Compra-de-seringas-e-agulhas-45x45.jpg 45w\" sizes=\"auto, (max-width: 696px) 100vw, 696px\" \/><\/p>\n<p style=\"font-weight: 400; text-align: justify;\">Prefeitura de Coronel Xavier Chaves recebe insumos para se preparar para a vacina\u00e7\u00e3o contra a Covid-19<\/p>\n<p style=\"font-weight: 400; text-align: justify;\">A Secretaria Municipal de Sa\u00fade de Coronel Xavier Chaves recebeu hoje, dia 15 de janeiro de 2021, as seringas e agulhas para vacina\u00e7\u00e3o contra a Covid-19. Elas foram distribu\u00eddas pela Ger\u00eancia Regional de Sa\u00fade, atrav\u00e9s da Secretaria Estadual de Sa\u00fade de Minas Gerais. A aquisi\u00e7\u00e3o \u00e9 uma medida preventiva para que n\u00e3o falte materiais quando a vacina\u00e7\u00e3o come\u00e7ar.<\/p>\n<p style=\"font-weight: 400; text-align: justify;\">Como destacado pela Secret\u00e1ria Municipal de Sa\u00fade, Joelma Resende, \u00e9 o in\u00edcio da esperan\u00e7a por dias melhores!\u00a0 Em breve o munic\u00edpio tamb\u00e9m receber\u00e1 a vacina, para que todos os xavierenses possam ser imunizados contra o v\u00edrus.<\/p>\n<p><img loading=\"lazy\" decoding=\"async\" class=\"aligncenter wp-image-9113 size-large\" src=\"http:\/\/coronelxavierchaves.mg.gov.br\/prefeitura\/wp-content\/uploads\/2021\/01\/3-foto-seringas-768x1024.jpg\" alt=\"\" width=\"696\" height=\"928\" srcset=\"https:\/\/coronelxavierchaves.mg.gov.br\/prefeitura\/wp-content\/uploads\/2021\/01\/3-foto-seringas-768x1024.jpg 768w, https:\/\/coronelxavierchaves.mg.gov.br\/prefeitura\/wp-content\/uploads\/2021\/01\/3-foto-seringas-225x300.jpg 225w, https:\/\/coronelxavierchaves.mg.gov.br\/prefeitura\/wp-content\/uploads\/2021\/01\/3-foto-seringas-696x928.jpg 696w, https:\/\/coronelxavierchaves.mg.gov.br\/prefeitura\/wp-content\/uploads\/2021\/01\/3-foto-seringas-315x420.jpg 315w, https:\/\/coronelxavierchaves.mg.gov.br\/prefeitura\/wp-content\/uploads\/2021\/01\/3-foto-seringas.jpg 576w\" sizes=\"auto, (max-width: 696px) 100vw, 696px\" \/><\/p>\n","protected":false},"excerpt":{"rendered":"<p>Prefeitura de Coronel Xavier Chaves recebe insumos para se preparar para a vacina\u00e7\u00e3o contra a Covid-19 A Secretaria Municipal de Sa\u00fade de Coronel Xavier Chaves recebeu hoje, dia 15 de janeiro de 2021, as seringas e agulhas para vacina\u00e7\u00e3o contra a Covid-19. Elas foram distribu\u00eddas pela Ger\u00eancia Regional de Sa\u00fade, atrav\u00e9s da Secretaria Estadual de [&hellip;]<\/p>\n","protected":false},"author":3,"featured_media":9112,"comment_status":"open","ping_status":"open","sticky":false,"template":"","format":"standard","meta":{"footnotes":"","_links_to":"","_links_to_target":""},"categories":[1],"tags":[],"class_list":{"0":"post-9111","1":"post","2":"type-post","3":"status-publish","4":"format-standard","5":"has-post-thumbnail","7":"category-noticias"},"_links":{"self":[{"href":"https:\/\/coronelxavierchaves.mg.gov.br\/prefeitura\/wp-json\/wp\/v2\/posts\/9111","targetHints":{"allow":["GET"]}}],"collection":[{"href":"https:\/\/coronelxavierchaves.mg.gov.br\/prefeitura\/wp-json\/wp\/v2\/posts"}],"about":[{"href":"https:\/\/coronelxavierchaves.mg.gov.br\/prefeitura\/wp-json\/wp\/v2\/types\/post"}],"author":[{"embeddable":true,"href":"https:\/\/coronelxavierchaves.mg.gov.br\/prefeitura\/wp-json\/wp\/v2\/users\/3"}],"replies":[{"embeddable":true,"href":"https:\/\/coronelxavierchaves.mg.gov.br\/prefeitura\/wp-json\/wp\/v2\/comments?post=9111"}],"version-history":[{"count":4,"href":"https:\/\/coronelxavierchaves.mg.gov.br\/prefeitura\/wp-json\/wp\/v2\/posts\/9111\/revisions"}],"predecessor-version":[{"id":9117,"href":"https:\/\/coronelxavierchaves.mg.gov.br\/prefeitura\/wp-json\/wp\/v2\/posts\/9111\/revisions\/9117"}],"wp:featuredmedia":[{"embeddable":true,"href":"https:\/\/coronelxavierchaves.mg.gov.br\/prefeitura\/wp-json\/wp\/v2\/media\/9112"}],"wp:attachment":[{"href":"https:\/\/coronelxavierchaves.mg.gov.br\/prefeitura\/wp-json\/wp\/v2\/media?parent=9111"}],"wp:term":[{"taxonomy":"category","embeddable":true,"href":"https:\/\/coronelxavierchaves.mg.gov.br\/prefeitura\/wp-json\/wp\/v2\/categories?post=9111"},{"taxonomy":"post_tag","embeddable":true,"href":"https:\/\/coronelxavierchaves.mg.gov.br\/prefeitura\/wp-json\/wp\/v2\/tags?post=9111"}],"curies":[{"name":"wp","href":"https:\/\/api.w.org\/{rel}","templated":true}]}}