{"id":9143,"date":"2021-01-20T10:29:36","date_gmt":"2021-01-20T13:29:36","guid":{"rendered":"http:\/\/coronelxavierchaves.mg.gov.br\/prefeitura\/?p=9143"},"modified":"2021-01-20T10:29:36","modified_gmt":"2021-01-20T13:29:36","slug":"coronel-xavier-chaves-inicia-a-vacinacao-contra-a-covid-19","status":"publish","type":"post","link":"https:\/\/coronelxavierchaves.mg.gov.br\/prefeitura\/2021\/01\/20\/coronel-xavier-chaves-inicia-a-vacinacao-contra-a-covid-19\/","title":{"rendered":"Coronel Xavier Chaves inicia a vacina\u00e7\u00e3o contra a Covid-19"},"content":{"rendered":"<p style=\"text-align: justify;\">A emo\u00e7\u00e3o tomou conta da sala de vacina\u00e7\u00e3o do ESF nesta tarde, dia 19 de janeiro de 2021. As primeiras doses da vacina contra a covid-19 que chegaram no munic\u00edpio foram aplicadas em alguns profissionais da sa\u00fade da linha de frente no combate ao coronav\u00edrus. O imunizante utilizado foi a CoronaVac, produzida pelo Instituto Butantan. T\u00e9cnicos, enfermeiros e m\u00e9dicos fizeram parte do grupo vacinado nesta primeira fase.<\/p>\n<p style=\"text-align: justify;\">Foram enviadas poucas doses para Coronel Xavier Chaves, assim como para outras cidades da regi\u00e3o, mas j\u00e1 \u00e9 o in\u00edcio da esperan\u00e7a pela imuniza\u00e7\u00e3o de toda a popula\u00e7\u00e3o. Como destacado pela enfermeira Rosane Faria, uma das profissionais vacinadas, \u201cEste \u00e9 um ato hist\u00f3rico\u201d. A Dra. Eliana Maia, tamb\u00e9m j\u00e1 vacinada hoje refor\u00e7ou \u201cSe vacinar \u00e9 um ato coletivo, n\u00e3o s\u00f3 de prote\u00e7\u00e3o pr\u00f3pria, mas de todos. Ningu\u00e9m deve ter medo de tomar a vacina, pois ao tom\u00e1-la estar\u00e1 salvando a si e todos que est\u00e3o a sua volta\u201d. Nesse sentido, com a chegada das pr\u00f3ximas remessas da vacina em breve, \u00e9 necess\u00e1rio que a popula\u00e7\u00e3o n\u00e3o deixe de se vacinar. \u00c9 v\u00e1lido ressaltar que a popula\u00e7\u00e3o ser\u00e1 vacinada de acordo com a ordem do protocolo do Minist\u00e9rio da Sa\u00fade.<\/p>\n<p>A pandemia ainda n\u00e3o acabou, este \u00e9 apenas o come\u00e7o da imuniza\u00e7\u00e3o, por isto, evite aglomera\u00e7\u00f5es, use \u00e1lcool em gel, mantenha o distanciamento social e lave bem as m\u00e3os!<\/p>\n<p><code class=\"rl-shortcode\"><div class=\"rl-gallery-container rl-loading\" id=\"rl-gallery-container-1\" data-gallery_id=\"9132\"> <div class=\"rl-gallery rl-basicgrid-gallery \" id=\"rl-gallery-1\" data-gallery_no=\"1\"> <div class=\"rl-gallery-item\"><a href=\"https:\/\/coronelxavierchaves.mg.gov.br\/prefeitura\/wp-content\/uploads\/2021\/01\/inicio-vacinacao-1-scaled.jpg\" title=\"\" data-rl_title=\"\" class=\"rl-gallery-link\" data-rl_caption=\"\" data-rel=\"lightbox-gallery-1\"><img loading=\"lazy\" decoding=\"async\" src=\"https:\/\/coronelxavierchaves.mg.gov.br\/prefeitura\/wp-content\/uploads\/2021\/01\/inicio-vacinacao-1-300x300.jpg\" width=\"300\" height=\"300\" alt=\"\" \/><\/a><\/div><div class=\"rl-gallery-item\"><a href=\"https:\/\/coronelxavierchaves.mg.gov.br\/prefeitura\/wp-content\/uploads\/2021\/01\/inicio-vacinacao-2-scaled.jpg\" title=\"\" data-rl_title=\"\" class=\"rl-gallery-link\" data-rl_caption=\"\" data-rel=\"lightbox-gallery-1\"><img loading=\"lazy\" decoding=\"async\" src=\"https:\/\/coronelxavierchaves.mg.gov.br\/prefeitura\/wp-content\/uploads\/2021\/01\/inicio-vacinacao-2-300x199.jpg\" width=\"300\" height=\"199\" alt=\"\" \/><\/a><\/div><div class=\"rl-gallery-item\"><a href=\"https:\/\/coronelxavierchaves.mg.gov.br\/prefeitura\/wp-content\/uploads\/2021\/01\/inicio-vacinacao-3-scaled.jpg\" title=\"\" data-rl_title=\"\" class=\"rl-gallery-link\" data-rl_caption=\"\" data-rel=\"lightbox-gallery-1\"><img loading=\"lazy\" decoding=\"async\" src=\"https:\/\/coronelxavierchaves.mg.gov.br\/prefeitura\/wp-content\/uploads\/2021\/01\/inicio-vacinacao-3-300x199.jpg\" width=\"300\" height=\"199\" alt=\"\" \/><\/a><\/div><div class=\"rl-gallery-item\"><a href=\"https:\/\/coronelxavierchaves.mg.gov.br\/prefeitura\/wp-content\/uploads\/2021\/01\/inicio-vacinacao-4-scaled.jpg\" title=\"\" data-rl_title=\"\" class=\"rl-gallery-link\" data-rl_caption=\"\" data-rel=\"lightbox-gallery-1\"><img loading=\"lazy\" decoding=\"async\" src=\"https:\/\/coronelxavierchaves.mg.gov.br\/prefeitura\/wp-content\/uploads\/2021\/01\/inicio-vacinacao-4-300x199.jpg\" width=\"300\" height=\"199\" alt=\"\" \/><\/a><\/div><div class=\"rl-gallery-item\"><a href=\"https:\/\/coronelxavierchaves.mg.gov.br\/prefeitura\/wp-content\/uploads\/2021\/01\/inicio-vacinacao-5-scaled.jpg\" title=\"\" data-rl_title=\"\" class=\"rl-gallery-link\" data-rl_caption=\"\" data-rel=\"lightbox-gallery-1\"><img loading=\"lazy\" decoding=\"async\" src=\"https:\/\/coronelxavierchaves.mg.gov.br\/prefeitura\/wp-content\/uploads\/2021\/01\/inicio-vacinacao-5-300x199.jpg\" width=\"300\" height=\"199\" alt=\"\" \/><\/a><\/div><div class=\"rl-gallery-item\"><a href=\"https:\/\/coronelxavierchaves.mg.gov.br\/prefeitura\/wp-content\/uploads\/2021\/01\/inicio-vacinacao-6-scaled.jpg\" title=\"\" data-rl_title=\"\" class=\"rl-gallery-link\" data-rl_caption=\"\" data-rel=\"lightbox-gallery-1\"><img loading=\"lazy\" decoding=\"async\" src=\"https:\/\/coronelxavierchaves.mg.gov.br\/prefeitura\/wp-content\/uploads\/2021\/01\/inicio-vacinacao-6-300x199.jpg\" width=\"300\" height=\"199\" alt=\"\" \/><\/a><\/div><div class=\"rl-gallery-item\"><a href=\"https:\/\/coronelxavierchaves.mg.gov.br\/prefeitura\/wp-content\/uploads\/2021\/01\/inicio-vacinacao-7-scaled.jpg\" title=\"\" data-rl_title=\"\" class=\"rl-gallery-link\" data-rl_caption=\"\" data-rel=\"lightbox-gallery-1\"><img loading=\"lazy\" decoding=\"async\" src=\"https:\/\/coronelxavierchaves.mg.gov.br\/prefeitura\/wp-content\/uploads\/2021\/01\/inicio-vacinacao-7-300x199.jpg\" width=\"300\" height=\"199\" alt=\"\" \/><\/a><\/div><div class=\"rl-gallery-item\"><a href=\"https:\/\/coronelxavierchaves.mg.gov.br\/prefeitura\/wp-content\/uploads\/2021\/01\/inicio-vacinacao-8-scaled.jpg\" title=\"\" data-rl_title=\"\" class=\"rl-gallery-link\" data-rl_caption=\"\" data-rel=\"lightbox-gallery-1\"><img loading=\"lazy\" decoding=\"async\" src=\"https:\/\/coronelxavierchaves.mg.gov.br\/prefeitura\/wp-content\/uploads\/2021\/01\/inicio-vacinacao-8-300x199.jpg\" width=\"300\" height=\"199\" alt=\"\" \/><\/a><\/div><div class=\"rl-gallery-item\"><a href=\"https:\/\/coronelxavierchaves.mg.gov.br\/prefeitura\/wp-content\/uploads\/2021\/01\/inicio-vacinacao-9-scaled.jpg\" title=\"\" data-rl_title=\"\" class=\"rl-gallery-link\" data-rl_caption=\"\" data-rel=\"lightbox-gallery-1\"><img loading=\"lazy\" decoding=\"async\" src=\"https:\/\/coronelxavierchaves.mg.gov.br\/prefeitura\/wp-content\/uploads\/2021\/01\/inicio-vacinacao-9-300x199.jpg\" width=\"300\" height=\"199\" alt=\"\" \/><\/a><\/div><div class=\"rl-gallery-item\"><a href=\"https:\/\/coronelxavierchaves.mg.gov.br\/prefeitura\/wp-content\/uploads\/2021\/01\/inicio-vacinacao-10-scaled.jpg\" title=\"\" data-rl_title=\"\" class=\"rl-gallery-link\" data-rl_caption=\"\" data-rel=\"lightbox-gallery-1\"><img loading=\"lazy\" decoding=\"async\" src=\"https:\/\/coronelxavierchaves.mg.gov.br\/prefeitura\/wp-content\/uploads\/2021\/01\/inicio-vacinacao-10-300x199.jpg\" width=\"300\" height=\"199\" alt=\"\" \/><\/a><\/div> <\/div> <\/div><\/code><\/p>\n","protected":false},"excerpt":{"rendered":"<p>A emo\u00e7\u00e3o tomou conta da sala de vacina\u00e7\u00e3o do ESF nesta tarde, dia 19 de janeiro de 2021. As primeiras doses da vacina contra a covid-19 que chegaram no munic\u00edpio foram aplicadas em alguns profissionais da sa\u00fade da linha de frente no combate ao coronav\u00edrus. O imunizante utilizado foi a CoronaVac, produzida pelo Instituto Butantan. [&hellip;]<\/p>\n","protected":false},"author":3,"featured_media":9133,"comment_status":"open","ping_status":"open","sticky":false,"template":"","format":"standard","meta":{"footnotes":"","_links_to":"","_links_to_target":""},"categories":[1],"tags":[],"class_list":{"0":"post-9143","1":"post","2":"type-post","3":"status-publish","4":"format-standard","5":"has-post-thumbnail","7":"category-noticias"},"_links":{"self":[{"href":"https:\/\/coronelxavierchaves.mg.gov.br\/prefeitura\/wp-json\/wp\/v2\/posts\/9143","targetHints":{"allow":["GET"]}}],"collection":[{"href":"https:\/\/coronelxavierchaves.mg.gov.br\/prefeitura\/wp-json\/wp\/v2\/posts"}],"about":[{"href":"https:\/\/coronelxavierchaves.mg.gov.br\/prefeitura\/wp-json\/wp\/v2\/types\/post"}],"author":[{"embeddable":true,"href":"https:\/\/coronelxavierchaves.mg.gov.br\/prefeitura\/wp-json\/wp\/v2\/users\/3"}],"replies":[{"embeddable":true,"href":"https:\/\/coronelxavierchaves.mg.gov.br\/prefeitura\/wp-json\/wp\/v2\/comments?post=9143"}],"version-history":[{"count":1,"href":"https:\/\/coronelxavierchaves.mg.gov.br\/prefeitura\/wp-json\/wp\/v2\/posts\/9143\/revisions"}],"predecessor-version":[{"id":9144,"href":"https:\/\/coronelxavierchaves.mg.gov.br\/prefeitura\/wp-json\/wp\/v2\/posts\/9143\/revisions\/9144"}],"wp:featuredmedia":[{"embeddable":true,"href":"https:\/\/coronelxavierchaves.mg.gov.br\/prefeitura\/wp-json\/wp\/v2\/media\/9133"}],"wp:attachment":[{"href":"https:\/\/coronelxavierchaves.mg.gov.br\/prefeitura\/wp-json\/wp\/v2\/media?parent=9143"}],"wp:term":[{"taxonomy":"category","embeddable":true,"href":"https:\/\/coronelxavierchaves.mg.gov.br\/prefeitura\/wp-json\/wp\/v2\/categories?post=9143"},{"taxonomy":"post_tag","embeddable":true,"href":"https:\/\/coronelxavierchaves.mg.gov.br\/prefeitura\/wp-json\/wp\/v2\/tags?post=9143"}],"curies":[{"name":"wp","href":"https:\/\/api.w.org\/{rel}","templated":true}]}}