{"id":9149,"date":"2021-01-21T09:34:40","date_gmt":"2021-01-21T12:34:40","guid":{"rendered":"http:\/\/coronelxavierchaves.mg.gov.br\/prefeitura\/?p=9149"},"modified":"2021-01-21T09:34:40","modified_gmt":"2021-01-21T12:34:40","slug":"prefeitura-realizara-4a-edicao-do-xo-mosquito","status":"publish","type":"post","link":"https:\/\/coronelxavierchaves.mg.gov.br\/prefeitura\/2021\/01\/21\/prefeitura-realizara-4a-edicao-do-xo-mosquito\/","title":{"rendered":"Prefeitura realizar\u00e1 4\u00aa edi\u00e7\u00e3o do \u201cX\u00f4 Mosquito\u201d"},"content":{"rendered":"<p><img loading=\"lazy\" decoding=\"async\" class=\"aligncenter wp-image-9150 size-large\" src=\"http:\/\/coronelxavierchaves.mg.gov.br\/prefeitura\/wp-content\/uploads\/2021\/01\/6-Xo-Mosquito-1024x1024.jpg\" alt=\"\" width=\"696\" height=\"696\" srcset=\"https:\/\/coronelxavierchaves.mg.gov.br\/prefeitura\/wp-content\/uploads\/2021\/01\/6-Xo-Mosquito-1024x1024.jpg 1024w, https:\/\/coronelxavierchaves.mg.gov.br\/prefeitura\/wp-content\/uploads\/2021\/01\/6-Xo-Mosquito-300x300.jpg 300w, https:\/\/coronelxavierchaves.mg.gov.br\/prefeitura\/wp-content\/uploads\/2021\/01\/6-Xo-Mosquito-130x130.jpg 130w, https:\/\/coronelxavierchaves.mg.gov.br\/prefeitura\/wp-content\/uploads\/2021\/01\/6-Xo-Mosquito-scaled.jpg 768w, https:\/\/coronelxavierchaves.mg.gov.br\/prefeitura\/wp-content\/uploads\/2021\/01\/6-Xo-Mosquito-1536x1536.jpg 1536w, https:\/\/coronelxavierchaves.mg.gov.br\/prefeitura\/wp-content\/uploads\/2021\/01\/6-Xo-Mosquito-2048x2048.jpg 2048w, https:\/\/coronelxavierchaves.mg.gov.br\/prefeitura\/wp-content\/uploads\/2021\/01\/6-Xo-Mosquito-696x696.jpg 696w, https:\/\/coronelxavierchaves.mg.gov.br\/prefeitura\/wp-content\/uploads\/2021\/01\/6-Xo-Mosquito-1068x1068.jpg 1068w, https:\/\/coronelxavierchaves.mg.gov.br\/prefeitura\/wp-content\/uploads\/2021\/01\/6-Xo-Mosquito-420x420.jpg 420w, https:\/\/coronelxavierchaves.mg.gov.br\/prefeitura\/wp-content\/uploads\/2021\/01\/6-Xo-Mosquito-1920x1920.jpg 1920w, https:\/\/coronelxavierchaves.mg.gov.br\/prefeitura\/wp-content\/uploads\/2021\/01\/6-Xo-Mosquito-45x45.jpg 45w\" sizes=\"auto, (max-width: 696px) 100vw, 696px\" \/><\/p>\n<p style=\"text-align: justify;\">A Secretaria Municipal de Sa\u00fade, em parceria com a Secretaria de Meio Ambiente e Secretaria de Obras e Urbanismo, realizar\u00e1 o IV Bota Fora do Lixo \u201cX\u00f4 Mosquito\u201d, no dia 28\/01\/2021, a partir das 7h30min.<\/p>\n<p style=\"text-align: justify;\">A coleta tem como objetivo eliminar objetos prop\u00edcios ao foco do mosquito aedes aegypti, transmissor da dengue, do zika v\u00edrus, da chikungunya e da febre amarela. Fa\u00e7a a limpeza do seu quintal e separe os objetos que ser\u00e3o coletados: garrafas, pneus, latas, fog\u00e3o, geladeira, tanquinho, televis\u00e3o.<\/p>\n<p style=\"text-align: justify;\">#x\u00f4mosquito #todoscontraadengue #todoscontraozikavirus #todoscontraochikungunya #todoscontraafebreamarela<\/p>\n","protected":false},"excerpt":{"rendered":"<p>A Secretaria Municipal de Sa\u00fade, em parceria com a Secretaria de Meio Ambiente e Secretaria de Obras e Urbanismo, realizar\u00e1 o IV Bota Fora do Lixo \u201cX\u00f4 Mosquito\u201d, no dia 28\/01\/2021, a partir das 7h30min. A coleta tem como objetivo eliminar objetos prop\u00edcios ao foco do mosquito aedes aegypti, transmissor da dengue, do zika v\u00edrus, [&hellip;]<\/p>\n","protected":false},"author":3,"featured_media":9150,"comment_status":"open","ping_status":"open","sticky":false,"template":"","format":"standard","meta":{"footnotes":"","_links_to":"","_links_to_target":""},"categories":[1],"tags":[],"class_list":{"0":"post-9149","1":"post","2":"type-post","3":"status-publish","4":"format-standard","5":"has-post-thumbnail","7":"category-noticias"},"_links":{"self":[{"href":"https:\/\/coronelxavierchaves.mg.gov.br\/prefeitura\/wp-json\/wp\/v2\/posts\/9149","targetHints":{"allow":["GET"]}}],"collection":[{"href":"https:\/\/coronelxavierchaves.mg.gov.br\/prefeitura\/wp-json\/wp\/v2\/posts"}],"about":[{"href":"https:\/\/coronelxavierchaves.mg.gov.br\/prefeitura\/wp-json\/wp\/v2\/types\/post"}],"author":[{"embeddable":true,"href":"https:\/\/coronelxavierchaves.mg.gov.br\/prefeitura\/wp-json\/wp\/v2\/users\/3"}],"replies":[{"embeddable":true,"href":"https:\/\/coronelxavierchaves.mg.gov.br\/prefeitura\/wp-json\/wp\/v2\/comments?post=9149"}],"version-history":[{"count":1,"href":"https:\/\/coronelxavierchaves.mg.gov.br\/prefeitura\/wp-json\/wp\/v2\/posts\/9149\/revisions"}],"predecessor-version":[{"id":9151,"href":"https:\/\/coronelxavierchaves.mg.gov.br\/prefeitura\/wp-json\/wp\/v2\/posts\/9149\/revisions\/9151"}],"wp:featuredmedia":[{"embeddable":true,"href":"https:\/\/coronelxavierchaves.mg.gov.br\/prefeitura\/wp-json\/wp\/v2\/media\/9150"}],"wp:attachment":[{"href":"https:\/\/coronelxavierchaves.mg.gov.br\/prefeitura\/wp-json\/wp\/v2\/media?parent=9149"}],"wp:term":[{"taxonomy":"category","embeddable":true,"href":"https:\/\/coronelxavierchaves.mg.gov.br\/prefeitura\/wp-json\/wp\/v2\/categories?post=9149"},{"taxonomy":"post_tag","embeddable":true,"href":"https:\/\/coronelxavierchaves.mg.gov.br\/prefeitura\/wp-json\/wp\/v2\/tags?post=9149"}],"curies":[{"name":"wp","href":"https:\/\/api.w.org\/{rel}","templated":true}]}}