{"id":9210,"date":"2021-02-01T12:01:14","date_gmt":"2021-02-01T15:01:14","guid":{"rendered":"http:\/\/coronelxavierchaves.mg.gov.br\/prefeitura\/?p=9210"},"modified":"2021-02-01T12:02:28","modified_gmt":"2021-02-01T15:02:28","slug":"decreto-no-3-491-determina-novas-normas-de-funcionamento-do-comercio","status":"publish","type":"post","link":"https:\/\/coronelxavierchaves.mg.gov.br\/prefeitura\/2021\/02\/01\/decreto-no-3-491-determina-novas-normas-de-funcionamento-do-comercio\/","title":{"rendered":"Decreto n\u00ba 3.491 determina novas normas de funcionamento do com\u00e9rcio"},"content":{"rendered":"<p><img loading=\"lazy\" decoding=\"async\" class=\"aligncenter wp-image-9211 size-large\" src=\"http:\/\/coronelxavierchaves.mg.gov.br\/prefeitura\/wp-content\/uploads\/2021\/02\/11-Novo-decreto-comercio-1024x1024.jpg\" alt=\"\" width=\"696\" height=\"696\" srcset=\"https:\/\/coronelxavierchaves.mg.gov.br\/prefeitura\/wp-content\/uploads\/2021\/02\/11-Novo-decreto-comercio-1024x1024.jpg 1024w, https:\/\/coronelxavierchaves.mg.gov.br\/prefeitura\/wp-content\/uploads\/2021\/02\/11-Novo-decreto-comercio-300x300.jpg 300w, https:\/\/coronelxavierchaves.mg.gov.br\/prefeitura\/wp-content\/uploads\/2021\/02\/11-Novo-decreto-comercio-130x130.jpg 130w, https:\/\/coronelxavierchaves.mg.gov.br\/prefeitura\/wp-content\/uploads\/2021\/02\/11-Novo-decreto-comercio-scaled.jpg 768w, https:\/\/coronelxavierchaves.mg.gov.br\/prefeitura\/wp-content\/uploads\/2021\/02\/11-Novo-decreto-comercio-1536x1536.jpg 1536w, https:\/\/coronelxavierchaves.mg.gov.br\/prefeitura\/wp-content\/uploads\/2021\/02\/11-Novo-decreto-comercio-2048x2048.jpg 2048w, https:\/\/coronelxavierchaves.mg.gov.br\/prefeitura\/wp-content\/uploads\/2021\/02\/11-Novo-decreto-comercio-696x696.jpg 696w, https:\/\/coronelxavierchaves.mg.gov.br\/prefeitura\/wp-content\/uploads\/2021\/02\/11-Novo-decreto-comercio-1068x1068.jpg 1068w, https:\/\/coronelxavierchaves.mg.gov.br\/prefeitura\/wp-content\/uploads\/2021\/02\/11-Novo-decreto-comercio-420x420.jpg 420w, https:\/\/coronelxavierchaves.mg.gov.br\/prefeitura\/wp-content\/uploads\/2021\/02\/11-Novo-decreto-comercio-1920x1920.jpg 1920w, https:\/\/coronelxavierchaves.mg.gov.br\/prefeitura\/wp-content\/uploads\/2021\/02\/11-Novo-decreto-comercio-45x45.jpg 45w\" sizes=\"auto, (max-width: 696px) 100vw, 696px\" \/><\/p>\n<p style=\"font-weight: 400; text-align: justify;\">Coronel Xavier Chaves permanece na \u201cOnda vermelha\u201d do Plano Minas Consciente, no entanto, o novo protocolo do plano permite a abertura de todos os com\u00e9rcios com restri\u00e7\u00f5es de funcionamento.<\/p>\n<p style=\"font-weight: 400; text-align: justify;\">As varia\u00e7\u00f5es de dist\u00e2ncia entre pessoas, ocupa\u00e7\u00e3o em ambientes fechados, limite de pessoas em eventos e outros alteram de acordo com a onda em que o munic\u00edpio se encontra.<\/p>\n<p style=\"font-weight: 400; text-align: left;\">Para mais informa\u00e7\u00f5es sobre o novo protocolo acesse: <a href=\"https:\/\/www.mg.gov.br\/sites\/default\/files\/paginas\/imagens\/minasconsciente\/minas_consciente_protocolo_v2.11_rev4_0.pdf\" data-saferedirecturl=\"https:\/\/www.google.com\/url?q=https:\/\/www.mg.gov.br\/sites\/default\/files\/paginas\/imagens\/minasconsciente\/minas_consciente_protocolo_v2.11_rev4_0.pdf&amp;source=gmail&amp;ust=1612277879363000&amp;usg=AFQjCNGz-Qby1fT7F3amEF_QRuSEUS7loA\">https:\/\/www.mg.gov.br\/sites\/default\/files\/paginas\/imagens\/minasconsciente\/minas_consciente_protocolo_v2.11_rev4_0.pdf<\/a><\/p>\n","protected":false},"excerpt":{"rendered":"<p>Coronel Xavier Chaves permanece na \u201cOnda vermelha\u201d do Plano Minas Consciente, no entanto, o novo protocolo do plano permite a abertura de todos os com\u00e9rcios com restri\u00e7\u00f5es de funcionamento. As varia\u00e7\u00f5es de dist\u00e2ncia entre pessoas, ocupa\u00e7\u00e3o em ambientes fechados, limite de pessoas em eventos e outros alteram de acordo com a onda em que o [&hellip;]<\/p>\n","protected":false},"author":3,"featured_media":9211,"comment_status":"open","ping_status":"open","sticky":false,"template":"","format":"standard","meta":{"footnotes":"","_links_to":"","_links_to_target":""},"categories":[1],"tags":[],"class_list":{"0":"post-9210","1":"post","2":"type-post","3":"status-publish","4":"format-standard","5":"has-post-thumbnail","7":"category-noticias"},"_links":{"self":[{"href":"https:\/\/coronelxavierchaves.mg.gov.br\/prefeitura\/wp-json\/wp\/v2\/posts\/9210","targetHints":{"allow":["GET"]}}],"collection":[{"href":"https:\/\/coronelxavierchaves.mg.gov.br\/prefeitura\/wp-json\/wp\/v2\/posts"}],"about":[{"href":"https:\/\/coronelxavierchaves.mg.gov.br\/prefeitura\/wp-json\/wp\/v2\/types\/post"}],"author":[{"embeddable":true,"href":"https:\/\/coronelxavierchaves.mg.gov.br\/prefeitura\/wp-json\/wp\/v2\/users\/3"}],"replies":[{"embeddable":true,"href":"https:\/\/coronelxavierchaves.mg.gov.br\/prefeitura\/wp-json\/wp\/v2\/comments?post=9210"}],"version-history":[{"count":2,"href":"https:\/\/coronelxavierchaves.mg.gov.br\/prefeitura\/wp-json\/wp\/v2\/posts\/9210\/revisions"}],"predecessor-version":[{"id":9213,"href":"https:\/\/coronelxavierchaves.mg.gov.br\/prefeitura\/wp-json\/wp\/v2\/posts\/9210\/revisions\/9213"}],"wp:featuredmedia":[{"embeddable":true,"href":"https:\/\/coronelxavierchaves.mg.gov.br\/prefeitura\/wp-json\/wp\/v2\/media\/9211"}],"wp:attachment":[{"href":"https:\/\/coronelxavierchaves.mg.gov.br\/prefeitura\/wp-json\/wp\/v2\/media?parent=9210"}],"wp:term":[{"taxonomy":"category","embeddable":true,"href":"https:\/\/coronelxavierchaves.mg.gov.br\/prefeitura\/wp-json\/wp\/v2\/categories?post=9210"},{"taxonomy":"post_tag","embeddable":true,"href":"https:\/\/coronelxavierchaves.mg.gov.br\/prefeitura\/wp-json\/wp\/v2\/tags?post=9210"}],"curies":[{"name":"wp","href":"https:\/\/api.w.org\/{rel}","templated":true}]}}