{"id":9242,"date":"2021-02-03T10:47:04","date_gmt":"2021-02-03T13:47:04","guid":{"rendered":"http:\/\/coronelxavierchaves.mg.gov.br\/prefeitura\/?p=9242"},"modified":"2021-02-03T10:49:00","modified_gmt":"2021-02-03T13:49:00","slug":"pandemia-marca-o-inicio-da-gestao-de-nova-diretoria-da-amver","status":"publish","type":"post","link":"https:\/\/coronelxavierchaves.mg.gov.br\/prefeitura\/2021\/02\/03\/pandemia-marca-o-inicio-da-gestao-de-nova-diretoria-da-amver\/","title":{"rendered":"Pandemia marca o in\u00edcio da gest\u00e3o de nova diretoria da AMVER"},"content":{"rendered":"<p><img loading=\"lazy\" decoding=\"async\" class=\"aligncenter wp-image-9243 size-large\" src=\"http:\/\/coronelxavierchaves.mg.gov.br\/prefeitura\/wp-content\/uploads\/2021\/02\/6-Nova-diretoria-da-AMVER-1024x1024.jpg\" alt=\"\" width=\"696\" height=\"696\" srcset=\"https:\/\/coronelxavierchaves.mg.gov.br\/prefeitura\/wp-content\/uploads\/2021\/02\/6-Nova-diretoria-da-AMVER-1024x1024.jpg 1024w, https:\/\/coronelxavierchaves.mg.gov.br\/prefeitura\/wp-content\/uploads\/2021\/02\/6-Nova-diretoria-da-AMVER-300x300.jpg 300w, https:\/\/coronelxavierchaves.mg.gov.br\/prefeitura\/wp-content\/uploads\/2021\/02\/6-Nova-diretoria-da-AMVER-130x130.jpg 130w, https:\/\/coronelxavierchaves.mg.gov.br\/prefeitura\/wp-content\/uploads\/2021\/02\/6-Nova-diretoria-da-AMVER-scaled.jpg 768w, https:\/\/coronelxavierchaves.mg.gov.br\/prefeitura\/wp-content\/uploads\/2021\/02\/6-Nova-diretoria-da-AMVER-1536x1536.jpg 1536w, https:\/\/coronelxavierchaves.mg.gov.br\/prefeitura\/wp-content\/uploads\/2021\/02\/6-Nova-diretoria-da-AMVER-2048x2048.jpg 2048w, https:\/\/coronelxavierchaves.mg.gov.br\/prefeitura\/wp-content\/uploads\/2021\/02\/6-Nova-diretoria-da-AMVER-696x696.jpg 696w, https:\/\/coronelxavierchaves.mg.gov.br\/prefeitura\/wp-content\/uploads\/2021\/02\/6-Nova-diretoria-da-AMVER-1068x1068.jpg 1068w, https:\/\/coronelxavierchaves.mg.gov.br\/prefeitura\/wp-content\/uploads\/2021\/02\/6-Nova-diretoria-da-AMVER-420x420.jpg 420w, https:\/\/coronelxavierchaves.mg.gov.br\/prefeitura\/wp-content\/uploads\/2021\/02\/6-Nova-diretoria-da-AMVER-1920x1920.jpg 1920w, https:\/\/coronelxavierchaves.mg.gov.br\/prefeitura\/wp-content\/uploads\/2021\/02\/6-Nova-diretoria-da-AMVER-45x45.jpg 45w\" sizes=\"auto, (max-width: 696px) 100vw, 696px\" \/><\/p>\n<div><\/div>\n<div>\n<div style=\"text-align: justify;\">\n<p>Prefeito de Coronel Xavier Chaves \u00e9 o novo presidente da Associa\u00e7\u00e3o dos Munic\u00edpios da Microrregi\u00e3o dos Campos das Vertentes.<\/p>\n<p>-Jos\u00e9 Ven\u00e2ncio de Resende &#8211; 01\/02\/20210 &#8211; Jornal das Lajes.<\/p>\n<p>Em \u00e9poca de pandemia, a experi\u00eancia conta. Aperfei\u00e7oar a assessoria aos munic\u00edpios filiados, realizar cursos de capacita\u00e7\u00e3o para enfrentar a pandemia, buscar novos associados e constante inova\u00e7\u00e3o, bem como dar suporte a entidades como CISVER (Cons\u00f3rcio Intermunicipal de Sa\u00fade das Vertentes), CIGEDAS (Cons\u00f3rcio Intermunicipal de Gest\u00e3o e Desenvolvimento Ambiental Sustent\u00e1vel das Vertentes) e Trilha dos Inconfidentes.<\/p>\n<p>S\u00e3o prioridades do novo presidente da Associa\u00e7\u00e3o dos Munic\u00edpios da Microrregi\u00e3o dos Campos das Vertentes (AMVER), F\u00favio Ol\u00edmpio de Oliveira Pinto, prefeito reeleito de Coronel Xavier Chaves. \u201cDiante da pandemia, neste in\u00edcio de ano ser\u00e3o realizados v\u00e1rios cursos de capacita\u00e7\u00e3o para os servidores municipais, de forma presencial e tamb\u00e9m por videoconfer\u00eancia, sempre seguindo os protocolos de seguran\u00e7a. Esses cursos tem o objetivo de auxiliar principalmente as novas equipes de governo dos munic\u00edpios que tiveram mudan\u00e7a de governo.\u201d<\/p>\n<p>Sobre o apoio a outras entidades da regi\u00e3o, F\u00favio Pinto citou o suporte em quest\u00f5es jur\u00eddicas e t\u00e9cnicas, atualizando sempre as legisla\u00e7\u00f5es e a legalidade dos atos administrativos. \u201cO intuito da AMVER \u00e9 buscar o desenvolvimento das cidades e da regi\u00e3o, acompanhando diversos cases de sucesso, e criar alternativas e programas para esse fim.\u201d<\/p>\n<p>Nova diretoria<\/p>\n<p>A nova diretoria executiva e o conselho fiscal, para o exerc\u00edcio de 2021, foram eleitos em assembleia realizada no dia 21 de dezembro, com a presen\u00e7a de prefeitos e vice-prefeitos eleitos para o per\u00edodo 2021\/2024. Al\u00e9m de F\u00favio, comp\u00f5em a nova diretoria executiva: Lester Rezende Dantas J\u00fanior (prefeito de Prados), 1\u00ba vice-presidente; e Jos\u00e9 Gouv\u00eaa Filho (prefeito de Resende Costa), 2\u00ba vice-presidente.<\/p>\n<p>Os membros efetivos do conselho fiscal s\u00e3o: Higino Zacarias de Sousa (prefeito de Rit\u00e1polis); M\u00e1rcio Ant\u00f4nio Pinheiro (prefeito de Dores de Campos); e Anderson Geraldo de Paula (prefeito de Barroso). S\u00e3o suplentes: Nilzio Barbosa (prefeito de Tiradentes); Wagner de Almeida (prefeito de Santa Cruz de Minas); e Jos\u00e9 Heitor Guimar\u00e3es de Carvalho (prefeito de Nazareno).<\/p>\n<p>Na ocasi\u00e3o, a ent\u00e3o presidente da Amver, Sinara Rafaela Campos, fez um balan\u00e7o do seu mandato, destacando o trabalho realizado para enfrentar a pandemia causada pelo coronav\u00edrus. A ex-prefeita de Santa Cruz de Minas apelou \u00e0 continuidade da a\u00e7\u00e3o integrada entre os munic\u00edpios filiados.<\/p>\n<p>F\u00favio agradeceu a confian\u00e7a depositada nele e se comprometeu a dar continuidade aos servi\u00e7os prestados pela gest\u00e3o anterior, bem como intensificar a presen\u00e7a da Associa\u00e7\u00e3o no dia a dia dos munic\u00edpios.<\/p>\n<\/div>\n<\/div>\n","protected":false},"excerpt":{"rendered":"<p>Prefeito de Coronel Xavier Chaves \u00e9 o novo presidente da Associa\u00e7\u00e3o dos Munic\u00edpios da Microrregi\u00e3o dos Campos das Vertentes. -Jos\u00e9 Ven\u00e2ncio de Resende &#8211; 01\/02\/20210 &#8211; Jornal das Lajes. Em \u00e9poca de pandemia, a experi\u00eancia conta. Aperfei\u00e7oar a assessoria aos munic\u00edpios filiados, realizar cursos de capacita\u00e7\u00e3o para enfrentar a pandemia, buscar novos associados e constante [&hellip;]<\/p>\n","protected":false},"author":3,"featured_media":9243,"comment_status":"open","ping_status":"open","sticky":false,"template":"","format":"standard","meta":{"footnotes":"","_links_to":"","_links_to_target":""},"categories":[1],"tags":[],"class_list":{"0":"post-9242","1":"post","2":"type-post","3":"status-publish","4":"format-standard","5":"has-post-thumbnail","7":"category-noticias"},"_links":{"self":[{"href":"https:\/\/coronelxavierchaves.mg.gov.br\/prefeitura\/wp-json\/wp\/v2\/posts\/9242","targetHints":{"allow":["GET"]}}],"collection":[{"href":"https:\/\/coronelxavierchaves.mg.gov.br\/prefeitura\/wp-json\/wp\/v2\/posts"}],"about":[{"href":"https:\/\/coronelxavierchaves.mg.gov.br\/prefeitura\/wp-json\/wp\/v2\/types\/post"}],"author":[{"embeddable":true,"href":"https:\/\/coronelxavierchaves.mg.gov.br\/prefeitura\/wp-json\/wp\/v2\/users\/3"}],"replies":[{"embeddable":true,"href":"https:\/\/coronelxavierchaves.mg.gov.br\/prefeitura\/wp-json\/wp\/v2\/comments?post=9242"}],"version-history":[{"count":4,"href":"https:\/\/coronelxavierchaves.mg.gov.br\/prefeitura\/wp-json\/wp\/v2\/posts\/9242\/revisions"}],"predecessor-version":[{"id":9247,"href":"https:\/\/coronelxavierchaves.mg.gov.br\/prefeitura\/wp-json\/wp\/v2\/posts\/9242\/revisions\/9247"}],"wp:featuredmedia":[{"embeddable":true,"href":"https:\/\/coronelxavierchaves.mg.gov.br\/prefeitura\/wp-json\/wp\/v2\/media\/9243"}],"wp:attachment":[{"href":"https:\/\/coronelxavierchaves.mg.gov.br\/prefeitura\/wp-json\/wp\/v2\/media?parent=9242"}],"wp:term":[{"taxonomy":"category","embeddable":true,"href":"https:\/\/coronelxavierchaves.mg.gov.br\/prefeitura\/wp-json\/wp\/v2\/categories?post=9242"},{"taxonomy":"post_tag","embeddable":true,"href":"https:\/\/coronelxavierchaves.mg.gov.br\/prefeitura\/wp-json\/wp\/v2\/tags?post=9242"}],"curies":[{"name":"wp","href":"https:\/\/api.w.org\/{rel}","templated":true}]}}