{"id":9295,"date":"2021-02-09T11:02:44","date_gmt":"2021-02-09T14:02:44","guid":{"rendered":"http:\/\/coronelxavierchaves.mg.gov.br\/prefeitura\/?p=9295"},"modified":"2021-02-09T11:02:44","modified_gmt":"2021-02-09T14:02:44","slug":"primeiro-lia-de-2021-revela-risco-de-infestacao-do-aedes-aegypti","status":"publish","type":"post","link":"https:\/\/coronelxavierchaves.mg.gov.br\/prefeitura\/2021\/02\/09\/primeiro-lia-de-2021-revela-risco-de-infestacao-do-aedes-aegypti\/","title":{"rendered":"Primeiro LIA de 2021 revela risco de infesta\u00e7\u00e3o do Aedes Aegypti"},"content":{"rendered":"<p><img loading=\"lazy\" decoding=\"async\" class=\"aligncenter wp-image-9296 size-large\" src=\"http:\/\/coronelxavierchaves.mg.gov.br\/prefeitura\/wp-content\/uploads\/2021\/02\/14-Primeiro-LIA-1024x1024.jpg\" alt=\"\" width=\"696\" height=\"696\" srcset=\"https:\/\/coronelxavierchaves.mg.gov.br\/prefeitura\/wp-content\/uploads\/2021\/02\/14-Primeiro-LIA-1024x1024.jpg 1024w, https:\/\/coronelxavierchaves.mg.gov.br\/prefeitura\/wp-content\/uploads\/2021\/02\/14-Primeiro-LIA-300x300.jpg 300w, https:\/\/coronelxavierchaves.mg.gov.br\/prefeitura\/wp-content\/uploads\/2021\/02\/14-Primeiro-LIA-130x130.jpg 130w, https:\/\/coronelxavierchaves.mg.gov.br\/prefeitura\/wp-content\/uploads\/2021\/02\/14-Primeiro-LIA-scaled.jpg 768w, https:\/\/coronelxavierchaves.mg.gov.br\/prefeitura\/wp-content\/uploads\/2021\/02\/14-Primeiro-LIA-1536x1536.jpg 1536w, https:\/\/coronelxavierchaves.mg.gov.br\/prefeitura\/wp-content\/uploads\/2021\/02\/14-Primeiro-LIA-2048x2048.jpg 2048w, https:\/\/coronelxavierchaves.mg.gov.br\/prefeitura\/wp-content\/uploads\/2021\/02\/14-Primeiro-LIA-696x696.jpg 696w, https:\/\/coronelxavierchaves.mg.gov.br\/prefeitura\/wp-content\/uploads\/2021\/02\/14-Primeiro-LIA-1068x1068.jpg 1068w, https:\/\/coronelxavierchaves.mg.gov.br\/prefeitura\/wp-content\/uploads\/2021\/02\/14-Primeiro-LIA-420x420.jpg 420w, https:\/\/coronelxavierchaves.mg.gov.br\/prefeitura\/wp-content\/uploads\/2021\/02\/14-Primeiro-LIA-1920x1920.jpg 1920w, https:\/\/coronelxavierchaves.mg.gov.br\/prefeitura\/wp-content\/uploads\/2021\/02\/14-Primeiro-LIA-45x45.jpg 45w\" sizes=\"auto, (max-width: 696px) 100vw, 696px\" \/><\/p>\n<p style=\"text-align: justify;\">O setor de epidemiologia de Coronel Xavier Chaves realizou no m\u00eas de janeiro, o primeiro Levantamento R\u00e1pido do \u00cdndice de Infesta\u00e7\u00e3o por Aedes Aegypti (LIA) de 2021. Essa pesquisa consiste em realizar m\u00e9todos de amostragem e mapeamento de \u00edndices de infesta\u00e7\u00e3o e tipos de criadouros do Aedes Aegypti nas \u00e1reas urbanas. A busca pelas amostras foi realizada em 337 im\u00f3veis da cidade entre os dias 12 e 20 de janeiro. Esse n\u00famero corresponde a 33% dos im\u00f3veis visitados durante o programa de mapeamento.<\/p>\n<p style=\"text-align: justify;\">O resultado apontou que o munic\u00edpio possui m\u00e9dio risco de infesta\u00e7\u00e3o do mosquito. Durante os trabalhos de campo foram coletadas 34 amostras de larvas e encaminhadas para an\u00e1lise no laborat\u00f3rio da Ger\u00eancia Regional de Sa\u00fade em S\u00e3o Jo\u00e3o Del Rei. Entre elas foram detectadas 9 amostras positivas para o Aedes Aegypti, e 1 amostra positiva para o Aedes Albopictus. Das amostras positivas para o Aedes Aegypti, 3 foram encontradas no centro, 3 no Bairro Nossa Senhora da Concei\u00e7\u00e3o, 2 na Vila F\u00e1tima e 1 na Vila Mendes.<\/p>\n<p style=\"text-align: justify;\">A popula\u00e7\u00e3o deve ficar atenta aos cuidados com a \u00e1gua parada, visto que a maior parte dos focos de larvas estavam em recipientes como pl\u00e1sticos, garrafas, baldes, latas e pneus, localizados nos quintais das resid\u00eancias. Al\u00e9m disso, o per\u00edodo chuvoso deste in\u00edcio de ano pode ser favor\u00e1vel \u00e0 propaga\u00e7\u00e3o do mosquito. Fa\u00e7a a sua parte, tire 10 minutos do seu dia para verificar o seu quintal!<\/p>\n","protected":false},"excerpt":{"rendered":"<p>O setor de epidemiologia de Coronel Xavier Chaves realizou no m\u00eas de janeiro, o primeiro Levantamento R\u00e1pido do \u00cdndice de Infesta\u00e7\u00e3o por Aedes Aegypti (LIA) de 2021. Essa pesquisa consiste em realizar m\u00e9todos de amostragem e mapeamento de \u00edndices de infesta\u00e7\u00e3o e tipos de criadouros do Aedes Aegypti nas \u00e1reas urbanas. A busca pelas amostras [&hellip;]<\/p>\n","protected":false},"author":3,"featured_media":9296,"comment_status":"open","ping_status":"open","sticky":false,"template":"","format":"standard","meta":{"footnotes":"","_links_to":"","_links_to_target":""},"categories":[1],"tags":[],"class_list":{"0":"post-9295","1":"post","2":"type-post","3":"status-publish","4":"format-standard","5":"has-post-thumbnail","7":"category-noticias"},"_links":{"self":[{"href":"https:\/\/coronelxavierchaves.mg.gov.br\/prefeitura\/wp-json\/wp\/v2\/posts\/9295","targetHints":{"allow":["GET"]}}],"collection":[{"href":"https:\/\/coronelxavierchaves.mg.gov.br\/prefeitura\/wp-json\/wp\/v2\/posts"}],"about":[{"href":"https:\/\/coronelxavierchaves.mg.gov.br\/prefeitura\/wp-json\/wp\/v2\/types\/post"}],"author":[{"embeddable":true,"href":"https:\/\/coronelxavierchaves.mg.gov.br\/prefeitura\/wp-json\/wp\/v2\/users\/3"}],"replies":[{"embeddable":true,"href":"https:\/\/coronelxavierchaves.mg.gov.br\/prefeitura\/wp-json\/wp\/v2\/comments?post=9295"}],"version-history":[{"count":1,"href":"https:\/\/coronelxavierchaves.mg.gov.br\/prefeitura\/wp-json\/wp\/v2\/posts\/9295\/revisions"}],"predecessor-version":[{"id":9297,"href":"https:\/\/coronelxavierchaves.mg.gov.br\/prefeitura\/wp-json\/wp\/v2\/posts\/9295\/revisions\/9297"}],"wp:featuredmedia":[{"embeddable":true,"href":"https:\/\/coronelxavierchaves.mg.gov.br\/prefeitura\/wp-json\/wp\/v2\/media\/9296"}],"wp:attachment":[{"href":"https:\/\/coronelxavierchaves.mg.gov.br\/prefeitura\/wp-json\/wp\/v2\/media?parent=9295"}],"wp:term":[{"taxonomy":"category","embeddable":true,"href":"https:\/\/coronelxavierchaves.mg.gov.br\/prefeitura\/wp-json\/wp\/v2\/categories?post=9295"},{"taxonomy":"post_tag","embeddable":true,"href":"https:\/\/coronelxavierchaves.mg.gov.br\/prefeitura\/wp-json\/wp\/v2\/tags?post=9295"}],"curies":[{"name":"wp","href":"https:\/\/api.w.org\/{rel}","templated":true}]}}