{"id":9298,"date":"2021-02-09T12:12:28","date_gmt":"2021-02-09T15:12:28","guid":{"rendered":"http:\/\/coronelxavierchaves.mg.gov.br\/prefeitura\/?p=9298"},"modified":"2021-02-09T12:12:28","modified_gmt":"2021-02-09T15:12:28","slug":"iv-bota-fora-do-lixo-xo-mosquito","status":"publish","type":"post","link":"https:\/\/coronelxavierchaves.mg.gov.br\/prefeitura\/2021\/02\/09\/iv-bota-fora-do-lixo-xo-mosquito\/","title":{"rendered":"IV BOTA FORA DO LIXO \u201cX\u00d4 MOSQUITO\u201d"},"content":{"rendered":"<p><img loading=\"lazy\" decoding=\"async\" class=\"aligncenter wp-image-9299 size-large\" src=\"http:\/\/coronelxavierchaves.mg.gov.br\/prefeitura\/wp-content\/uploads\/2021\/02\/3-IV-Bota-Fora-1024x1024.jpg\" alt=\"\" width=\"696\" height=\"696\" srcset=\"https:\/\/coronelxavierchaves.mg.gov.br\/prefeitura\/wp-content\/uploads\/2021\/02\/3-IV-Bota-Fora-1024x1024.jpg 1024w, https:\/\/coronelxavierchaves.mg.gov.br\/prefeitura\/wp-content\/uploads\/2021\/02\/3-IV-Bota-Fora-300x300.jpg 300w, https:\/\/coronelxavierchaves.mg.gov.br\/prefeitura\/wp-content\/uploads\/2021\/02\/3-IV-Bota-Fora-130x130.jpg 130w, https:\/\/coronelxavierchaves.mg.gov.br\/prefeitura\/wp-content\/uploads\/2021\/02\/3-IV-Bota-Fora-scaled.jpg 768w, https:\/\/coronelxavierchaves.mg.gov.br\/prefeitura\/wp-content\/uploads\/2021\/02\/3-IV-Bota-Fora-1536x1536.jpg 1536w, https:\/\/coronelxavierchaves.mg.gov.br\/prefeitura\/wp-content\/uploads\/2021\/02\/3-IV-Bota-Fora-2048x2048.jpg 2048w, https:\/\/coronelxavierchaves.mg.gov.br\/prefeitura\/wp-content\/uploads\/2021\/02\/3-IV-Bota-Fora-696x696.jpg 696w, https:\/\/coronelxavierchaves.mg.gov.br\/prefeitura\/wp-content\/uploads\/2021\/02\/3-IV-Bota-Fora-1068x1068.jpg 1068w, https:\/\/coronelxavierchaves.mg.gov.br\/prefeitura\/wp-content\/uploads\/2021\/02\/3-IV-Bota-Fora-420x420.jpg 420w, https:\/\/coronelxavierchaves.mg.gov.br\/prefeitura\/wp-content\/uploads\/2021\/02\/3-IV-Bota-Fora-1920x1920.jpg 1920w, https:\/\/coronelxavierchaves.mg.gov.br\/prefeitura\/wp-content\/uploads\/2021\/02\/3-IV-Bota-Fora-45x45.jpg 45w\" sizes=\"auto, (max-width: 696px) 100vw, 696px\" \/> <img loading=\"lazy\" decoding=\"async\" class=\"aligncenter wp-image-9300 size-large\" src=\"http:\/\/coronelxavierchaves.mg.gov.br\/prefeitura\/wp-content\/uploads\/2021\/02\/4-IV-Bota-Fora-1024x768.jpg\" alt=\"\" width=\"696\" height=\"522\" srcset=\"https:\/\/coronelxavierchaves.mg.gov.br\/prefeitura\/wp-content\/uploads\/2021\/02\/4-IV-Bota-Fora-scaled.jpg 1024w, https:\/\/coronelxavierchaves.mg.gov.br\/prefeitura\/wp-content\/uploads\/2021\/02\/4-IV-Bota-Fora-300x225.jpg 300w, https:\/\/coronelxavierchaves.mg.gov.br\/prefeitura\/wp-content\/uploads\/2021\/02\/4-IV-Bota-Fora-768x576.jpg 768w, https:\/\/coronelxavierchaves.mg.gov.br\/prefeitura\/wp-content\/uploads\/2021\/02\/4-IV-Bota-Fora-1536x1152.jpg 1536w, https:\/\/coronelxavierchaves.mg.gov.br\/prefeitura\/wp-content\/uploads\/2021\/02\/4-IV-Bota-Fora-2048x1536.jpg 2048w, https:\/\/coronelxavierchaves.mg.gov.br\/prefeitura\/wp-content\/uploads\/2021\/02\/4-IV-Bota-Fora-80x60.jpg 80w, https:\/\/coronelxavierchaves.mg.gov.br\/prefeitura\/wp-content\/uploads\/2021\/02\/4-IV-Bota-Fora-265x198.jpg 265w, https:\/\/coronelxavierchaves.mg.gov.br\/prefeitura\/wp-content\/uploads\/2021\/02\/4-IV-Bota-Fora-696x522.jpg 696w, https:\/\/coronelxavierchaves.mg.gov.br\/prefeitura\/wp-content\/uploads\/2021\/02\/4-IV-Bota-Fora-1068x801.jpg 1068w, https:\/\/coronelxavierchaves.mg.gov.br\/prefeitura\/wp-content\/uploads\/2021\/02\/4-IV-Bota-Fora-560x420.jpg 560w, https:\/\/coronelxavierchaves.mg.gov.br\/prefeitura\/wp-content\/uploads\/2021\/02\/4-IV-Bota-Fora-1920x1440.jpg 1920w\" sizes=\"auto, (max-width: 696px) 100vw, 696px\" \/> <img loading=\"lazy\" decoding=\"async\" class=\"aligncenter wp-image-9301 size-large\" src=\"http:\/\/coronelxavierchaves.mg.gov.br\/prefeitura\/wp-content\/uploads\/2021\/02\/5-IV-Bota-Fora-1024x798.jpg\" alt=\"\" width=\"696\" height=\"542\" srcset=\"https:\/\/coronelxavierchaves.mg.gov.br\/prefeitura\/wp-content\/uploads\/2021\/02\/5-IV-Bota-Fora-1024x798.jpg 1024w, https:\/\/coronelxavierchaves.mg.gov.br\/prefeitura\/wp-content\/uploads\/2021\/02\/5-IV-Bota-Fora-300x234.jpg 300w, https:\/\/coronelxavierchaves.mg.gov.br\/prefeitura\/wp-content\/uploads\/2021\/02\/5-IV-Bota-Fora-768x598.jpg 768w, https:\/\/coronelxavierchaves.mg.gov.br\/prefeitura\/wp-content\/uploads\/2021\/02\/5-IV-Bota-Fora-696x542.jpg 696w, https:\/\/coronelxavierchaves.mg.gov.br\/prefeitura\/wp-content\/uploads\/2021\/02\/5-IV-Bota-Fora-1068x832.jpg 1068w, https:\/\/coronelxavierchaves.mg.gov.br\/prefeitura\/wp-content\/uploads\/2021\/02\/5-IV-Bota-Fora-539x420.jpg 539w, https:\/\/coronelxavierchaves.mg.gov.br\/prefeitura\/wp-content\/uploads\/2021\/02\/5-IV-Bota-Fora.jpg 986w\" sizes=\"auto, (max-width: 696px) 100vw, 696px\" \/><\/p>\n<p style=\"text-align: justify;\">\u00a0No dia 28 de Janeiro de 2021, a Secretaria Municipal de Sa\u00fade, atrav\u00e9s do setor de Vigil\u00e2ncia Sanit\u00e1ria e Epidemiol\u00f3gica em parceria com os estagi\u00e1rios do projeto Consci\u00eancia Ambiental, que representam a Secretaria de Agricultura e Meio Ambiente, realizaram o IV BOTA FORA do lixo \u201cX\u00f4 Mosquito\u201d.<\/p>\n<p style=\"text-align: justify;\">\u00a0Esse movimento contou com o apoio dos funcion\u00e1rios da Usina de Triagem e Compostagem de lixo. O evento tem grande import\u00e2ncia ambiental e epidemiol\u00f3gica para o munic\u00edpio, uma vez que foram coletados garrafas, pneus, latas, fog\u00f5es, geladeiras, tanquinhos e televis\u00f5es, recipientes que acumulam \u00e1gua no per\u00edodo de chuva e se tornam grandes atrativos para o mosquito.<\/p>\n<p style=\"text-align: justify;\">\u00a0Al\u00e9m da coleta foi realizada a panfletagem para a conscientiza\u00e7\u00e3o da popula\u00e7\u00e3o a respeito do impacto que o ac\u00famulo de lixo pode causar na prolifera\u00e7\u00e3o e dissemina\u00e7\u00e3o do mosquito transmissor da dengue, do Zika v\u00edrus, Chikungunya e febre amarela.<\/p>\n<p style=\"text-align: justify;\">\u00a0Comparado com o ano anterior, que teve o total de 05 caminh\u00f5es de res\u00edduos coletados, o IV BOTA FORA produziu apenas 02 caminh\u00f5es, apresentando uma redu\u00e7\u00e3o consider\u00e1vel na quantidade de lixo depositado pela popula\u00e7\u00e3o. Ainda assim enfatizamos a necessidade da colabora\u00e7\u00e3o de toda a popula\u00e7\u00e3o xavierense e pedimos que redobrem os cuidados eliminando todos os poss\u00edveis criadouros do mosquito. O trabalho deve ser di\u00e1rio e cont\u00ednuo, a higiene e limpeza dos quintais \u00e9 a melhor forma de preven\u00e7\u00e3o, e evita que o mosquito tome conta da nossa cidade.<\/p>\n<p style=\"text-align: justify;\">FA\u00c7A A SUA PARTE, NOS AJUDE A CUIDAR DA SUA SA\u00daDE!<\/p>\n","protected":false},"excerpt":{"rendered":"<p>\u00a0No dia 28 de Janeiro de 2021, a Secretaria Municipal de Sa\u00fade, atrav\u00e9s do setor de Vigil\u00e2ncia Sanit\u00e1ria e Epidemiol\u00f3gica em parceria com os estagi\u00e1rios do projeto Consci\u00eancia Ambiental, que representam a Secretaria de Agricultura e Meio Ambiente, realizaram o IV BOTA FORA do lixo \u201cX\u00f4 Mosquito\u201d. \u00a0Esse movimento contou com o apoio dos funcion\u00e1rios [&hellip;]<\/p>\n","protected":false},"author":3,"featured_media":9299,"comment_status":"open","ping_status":"open","sticky":false,"template":"","format":"standard","meta":{"footnotes":"","_links_to":"","_links_to_target":""},"categories":[1],"tags":[],"class_list":{"0":"post-9298","1":"post","2":"type-post","3":"status-publish","4":"format-standard","5":"has-post-thumbnail","7":"category-noticias"},"_links":{"self":[{"href":"https:\/\/coronelxavierchaves.mg.gov.br\/prefeitura\/wp-json\/wp\/v2\/posts\/9298","targetHints":{"allow":["GET"]}}],"collection":[{"href":"https:\/\/coronelxavierchaves.mg.gov.br\/prefeitura\/wp-json\/wp\/v2\/posts"}],"about":[{"href":"https:\/\/coronelxavierchaves.mg.gov.br\/prefeitura\/wp-json\/wp\/v2\/types\/post"}],"author":[{"embeddable":true,"href":"https:\/\/coronelxavierchaves.mg.gov.br\/prefeitura\/wp-json\/wp\/v2\/users\/3"}],"replies":[{"embeddable":true,"href":"https:\/\/coronelxavierchaves.mg.gov.br\/prefeitura\/wp-json\/wp\/v2\/comments?post=9298"}],"version-history":[{"count":1,"href":"https:\/\/coronelxavierchaves.mg.gov.br\/prefeitura\/wp-json\/wp\/v2\/posts\/9298\/revisions"}],"predecessor-version":[{"id":9302,"href":"https:\/\/coronelxavierchaves.mg.gov.br\/prefeitura\/wp-json\/wp\/v2\/posts\/9298\/revisions\/9302"}],"wp:featuredmedia":[{"embeddable":true,"href":"https:\/\/coronelxavierchaves.mg.gov.br\/prefeitura\/wp-json\/wp\/v2\/media\/9299"}],"wp:attachment":[{"href":"https:\/\/coronelxavierchaves.mg.gov.br\/prefeitura\/wp-json\/wp\/v2\/media?parent=9298"}],"wp:term":[{"taxonomy":"category","embeddable":true,"href":"https:\/\/coronelxavierchaves.mg.gov.br\/prefeitura\/wp-json\/wp\/v2\/categories?post=9298"},{"taxonomy":"post_tag","embeddable":true,"href":"https:\/\/coronelxavierchaves.mg.gov.br\/prefeitura\/wp-json\/wp\/v2\/tags?post=9298"}],"curies":[{"name":"wp","href":"https:\/\/api.w.org\/{rel}","templated":true}]}}