{"id":9356,"date":"2021-02-11T16:17:03","date_gmt":"2021-02-11T19:17:03","guid":{"rendered":"http:\/\/coronelxavierchaves.mg.gov.br\/prefeitura\/?p=9356"},"modified":"2021-02-11T16:17:03","modified_gmt":"2021-02-11T19:17:03","slug":"secretaria-de-saude-recebe-mais-vacinas-e-inicia-vacinacao-nos-idosos-acima-de-90-anos","status":"publish","type":"post","link":"https:\/\/coronelxavierchaves.mg.gov.br\/prefeitura\/2021\/02\/11\/secretaria-de-saude-recebe-mais-vacinas-e-inicia-vacinacao-nos-idosos-acima-de-90-anos\/","title":{"rendered":"Secretaria de Sa\u00fade recebe mais vacinas e inicia vacina\u00e7\u00e3o nos idosos acima de 90 anos"},"content":{"rendered":"<p><img loading=\"lazy\" decoding=\"async\" class=\"aligncenter wp-image-9357 size-large\" src=\"http:\/\/coronelxavierchaves.mg.gov.br\/prefeitura\/wp-content\/uploads\/2021\/02\/16-3a-remessa-vacinas-1024x1024.jpg\" alt=\"\" width=\"696\" height=\"696\" srcset=\"https:\/\/coronelxavierchaves.mg.gov.br\/prefeitura\/wp-content\/uploads\/2021\/02\/16-3a-remessa-vacinas-1024x1024.jpg 1024w, https:\/\/coronelxavierchaves.mg.gov.br\/prefeitura\/wp-content\/uploads\/2021\/02\/16-3a-remessa-vacinas-300x300.jpg 300w, https:\/\/coronelxavierchaves.mg.gov.br\/prefeitura\/wp-content\/uploads\/2021\/02\/16-3a-remessa-vacinas-130x130.jpg 130w, https:\/\/coronelxavierchaves.mg.gov.br\/prefeitura\/wp-content\/uploads\/2021\/02\/16-3a-remessa-vacinas-scaled.jpg 768w, https:\/\/coronelxavierchaves.mg.gov.br\/prefeitura\/wp-content\/uploads\/2021\/02\/16-3a-remessa-vacinas-1536x1536.jpg 1536w, https:\/\/coronelxavierchaves.mg.gov.br\/prefeitura\/wp-content\/uploads\/2021\/02\/16-3a-remessa-vacinas-2048x2048.jpg 2048w, https:\/\/coronelxavierchaves.mg.gov.br\/prefeitura\/wp-content\/uploads\/2021\/02\/16-3a-remessa-vacinas-696x696.jpg 696w, https:\/\/coronelxavierchaves.mg.gov.br\/prefeitura\/wp-content\/uploads\/2021\/02\/16-3a-remessa-vacinas-1068x1068.jpg 1068w, https:\/\/coronelxavierchaves.mg.gov.br\/prefeitura\/wp-content\/uploads\/2021\/02\/16-3a-remessa-vacinas-420x420.jpg 420w, https:\/\/coronelxavierchaves.mg.gov.br\/prefeitura\/wp-content\/uploads\/2021\/02\/16-3a-remessa-vacinas-1920x1920.jpg 1920w, https:\/\/coronelxavierchaves.mg.gov.br\/prefeitura\/wp-content\/uploads\/2021\/02\/16-3a-remessa-vacinas-45x45.jpg 45w\" sizes=\"auto, (max-width: 696px) 100vw, 696px\" \/> <img loading=\"lazy\" decoding=\"async\" class=\"aligncenter wp-image-9358 size-full\" src=\"http:\/\/coronelxavierchaves.mg.gov.br\/prefeitura\/wp-content\/uploads\/2021\/02\/17-3a-remessa-vacina-1.jpeg\" alt=\"\" width=\"768\" height=\"768\" srcset=\"https:\/\/coronelxavierchaves.mg.gov.br\/prefeitura\/wp-content\/uploads\/2021\/02\/17-3a-remessa-vacina-1.jpeg 768w, https:\/\/coronelxavierchaves.mg.gov.br\/prefeitura\/wp-content\/uploads\/2021\/02\/17-3a-remessa-vacina-1-300x300.jpeg 300w, https:\/\/coronelxavierchaves.mg.gov.br\/prefeitura\/wp-content\/uploads\/2021\/02\/17-3a-remessa-vacina-1-130x130.jpeg 130w, https:\/\/coronelxavierchaves.mg.gov.br\/prefeitura\/wp-content\/uploads\/2021\/02\/17-3a-remessa-vacina-1-696x696.jpeg 696w, https:\/\/coronelxavierchaves.mg.gov.br\/prefeitura\/wp-content\/uploads\/2021\/02\/17-3a-remessa-vacina-1-420x420.jpeg 420w, https:\/\/coronelxavierchaves.mg.gov.br\/prefeitura\/wp-content\/uploads\/2021\/02\/17-3a-remessa-vacina-1-45x45.jpeg 45w\" sizes=\"auto, (max-width: 768px) 100vw, 768px\" \/> <img loading=\"lazy\" decoding=\"async\" class=\"aligncenter wp-image-9359 size-full\" src=\"http:\/\/coronelxavierchaves.mg.gov.br\/prefeitura\/wp-content\/uploads\/2021\/02\/17-3a-remessa-vacina-2.jpeg\" alt=\"\" width=\"769\" height=\"768\" srcset=\"https:\/\/coronelxavierchaves.mg.gov.br\/prefeitura\/wp-content\/uploads\/2021\/02\/17-3a-remessa-vacina-2.jpeg 769w, https:\/\/coronelxavierchaves.mg.gov.br\/prefeitura\/wp-content\/uploads\/2021\/02\/17-3a-remessa-vacina-2-300x300.jpeg 300w, https:\/\/coronelxavierchaves.mg.gov.br\/prefeitura\/wp-content\/uploads\/2021\/02\/17-3a-remessa-vacina-2-130x130.jpeg 130w, https:\/\/coronelxavierchaves.mg.gov.br\/prefeitura\/wp-content\/uploads\/2021\/02\/17-3a-remessa-vacina-2-768x767.jpeg 768w, https:\/\/coronelxavierchaves.mg.gov.br\/prefeitura\/wp-content\/uploads\/2021\/02\/17-3a-remessa-vacina-2-696x695.jpeg 696w, https:\/\/coronelxavierchaves.mg.gov.br\/prefeitura\/wp-content\/uploads\/2021\/02\/17-3a-remessa-vacina-2-420x420.jpeg 420w, https:\/\/coronelxavierchaves.mg.gov.br\/prefeitura\/wp-content\/uploads\/2021\/02\/17-3a-remessa-vacina-2-45x45.jpeg 45w\" sizes=\"auto, (max-width: 769px) 100vw, 769px\" \/><\/p>\n<p style=\"text-align: justify;\">Nesta quinta-feira, dia 11 de fevereiro de 2021, Coronel Xavier Chaves recebeu uma nova remessa de vacinas contra a covid-19. O total \u00e9 de 44 doses, entre elas, 14 unidades ser\u00e3o para aplicar a segunda dose daqueles que j\u00e1 se vacinaram. As outras 30 ser\u00e3o para a vacina\u00e7\u00e3o dos profissionais da sa\u00fade e idosos acima de 90 anos.<\/p>\n<p style=\"text-align: justify;\">A equipe de sa\u00fade est\u00e1 entrando em contato com as fam\u00edlias dos idosos que ir\u00e3o receber a vacina para agendar o dia e hor\u00e1rio. \u00c9 importante destacar que cada frasco da vacina cont\u00e9m 10 doses e possui um prazo de validade curto ap\u00f3s aberto, nesse sentido, as pessoas que ir\u00e3o tomar a vacina n\u00e3o devem faltar para que o insumo n\u00e3o seja desperdi\u00e7ado.<\/p>\n","protected":false},"excerpt":{"rendered":"<p>Nesta quinta-feira, dia 11 de fevereiro de 2021, Coronel Xavier Chaves recebeu uma nova remessa de vacinas contra a covid-19. O total \u00e9 de 44 doses, entre elas, 14 unidades ser\u00e3o para aplicar a segunda dose daqueles que j\u00e1 se vacinaram. As outras 30 ser\u00e3o para a vacina\u00e7\u00e3o dos profissionais da sa\u00fade e idosos acima [&hellip;]<\/p>\n","protected":false},"author":3,"featured_media":9357,"comment_status":"open","ping_status":"open","sticky":false,"template":"","format":"standard","meta":{"footnotes":"","_links_to":"","_links_to_target":""},"categories":[1],"tags":[],"class_list":{"0":"post-9356","1":"post","2":"type-post","3":"status-publish","4":"format-standard","5":"has-post-thumbnail","7":"category-noticias"},"_links":{"self":[{"href":"https:\/\/coronelxavierchaves.mg.gov.br\/prefeitura\/wp-json\/wp\/v2\/posts\/9356","targetHints":{"allow":["GET"]}}],"collection":[{"href":"https:\/\/coronelxavierchaves.mg.gov.br\/prefeitura\/wp-json\/wp\/v2\/posts"}],"about":[{"href":"https:\/\/coronelxavierchaves.mg.gov.br\/prefeitura\/wp-json\/wp\/v2\/types\/post"}],"author":[{"embeddable":true,"href":"https:\/\/coronelxavierchaves.mg.gov.br\/prefeitura\/wp-json\/wp\/v2\/users\/3"}],"replies":[{"embeddable":true,"href":"https:\/\/coronelxavierchaves.mg.gov.br\/prefeitura\/wp-json\/wp\/v2\/comments?post=9356"}],"version-history":[{"count":1,"href":"https:\/\/coronelxavierchaves.mg.gov.br\/prefeitura\/wp-json\/wp\/v2\/posts\/9356\/revisions"}],"predecessor-version":[{"id":9360,"href":"https:\/\/coronelxavierchaves.mg.gov.br\/prefeitura\/wp-json\/wp\/v2\/posts\/9356\/revisions\/9360"}],"wp:featuredmedia":[{"embeddable":true,"href":"https:\/\/coronelxavierchaves.mg.gov.br\/prefeitura\/wp-json\/wp\/v2\/media\/9357"}],"wp:attachment":[{"href":"https:\/\/coronelxavierchaves.mg.gov.br\/prefeitura\/wp-json\/wp\/v2\/media?parent=9356"}],"wp:term":[{"taxonomy":"category","embeddable":true,"href":"https:\/\/coronelxavierchaves.mg.gov.br\/prefeitura\/wp-json\/wp\/v2\/categories?post=9356"},{"taxonomy":"post_tag","embeddable":true,"href":"https:\/\/coronelxavierchaves.mg.gov.br\/prefeitura\/wp-json\/wp\/v2\/tags?post=9356"}],"curies":[{"name":"wp","href":"https:\/\/api.w.org\/{rel}","templated":true}]}}