{"id":9380,"date":"2021-02-12T12:24:31","date_gmt":"2021-02-12T15:24:31","guid":{"rendered":"http:\/\/coronelxavierchaves.mg.gov.br\/prefeitura\/?p=9380"},"modified":"2021-03-04T09:43:19","modified_gmt":"2021-03-04T12:43:19","slug":"prefeitura-edita-normas-sobre-o-periodo-do-carnaval-2021","status":"publish","type":"post","link":"https:\/\/coronelxavierchaves.mg.gov.br\/prefeitura\/2021\/02\/12\/prefeitura-edita-normas-sobre-o-periodo-do-carnaval-2021\/","title":{"rendered":"Prefeitura edita normas sobre o per\u00edodo do carnaval 2021"},"content":{"rendered":"<p><img loading=\"lazy\" decoding=\"async\" class=\"aligncenter wp-image-9381 size-large\" src=\"http:\/\/coronelxavierchaves.mg.gov.br\/prefeitura\/wp-content\/uploads\/2021\/02\/1-Feriado-de-Carnaval-cancelado-1024x1024.jpg\" alt=\"\" width=\"696\" height=\"696\" srcset=\"https:\/\/coronelxavierchaves.mg.gov.br\/prefeitura\/wp-content\/uploads\/2021\/02\/1-Feriado-de-Carnaval-cancelado-1024x1024.jpg 1024w, https:\/\/coronelxavierchaves.mg.gov.br\/prefeitura\/wp-content\/uploads\/2021\/02\/1-Feriado-de-Carnaval-cancelado-300x300.jpg 300w, https:\/\/coronelxavierchaves.mg.gov.br\/prefeitura\/wp-content\/uploads\/2021\/02\/1-Feriado-de-Carnaval-cancelado-130x130.jpg 130w, https:\/\/coronelxavierchaves.mg.gov.br\/prefeitura\/wp-content\/uploads\/2021\/02\/1-Feriado-de-Carnaval-cancelado-scaled.jpg 768w, https:\/\/coronelxavierchaves.mg.gov.br\/prefeitura\/wp-content\/uploads\/2021\/02\/1-Feriado-de-Carnaval-cancelado-1536x1536.jpg 1536w, https:\/\/coronelxavierchaves.mg.gov.br\/prefeitura\/wp-content\/uploads\/2021\/02\/1-Feriado-de-Carnaval-cancelado-2048x2048.jpg 2048w, https:\/\/coronelxavierchaves.mg.gov.br\/prefeitura\/wp-content\/uploads\/2021\/02\/1-Feriado-de-Carnaval-cancelado-696x696.jpg 696w, https:\/\/coronelxavierchaves.mg.gov.br\/prefeitura\/wp-content\/uploads\/2021\/02\/1-Feriado-de-Carnaval-cancelado-1068x1068.jpg 1068w, https:\/\/coronelxavierchaves.mg.gov.br\/prefeitura\/wp-content\/uploads\/2021\/02\/1-Feriado-de-Carnaval-cancelado-420x420.jpg 420w, https:\/\/coronelxavierchaves.mg.gov.br\/prefeitura\/wp-content\/uploads\/2021\/02\/1-Feriado-de-Carnaval-cancelado-1920x1920.jpg 1920w, https:\/\/coronelxavierchaves.mg.gov.br\/prefeitura\/wp-content\/uploads\/2021\/02\/1-Feriado-de-Carnaval-cancelado-45x45.jpg 45w\" sizes=\"auto, (max-width: 696px) 100vw, 696px\" \/><\/p>\n<p style=\"text-align: justify;\">Seguindo a orienta\u00e7\u00e3o do Estado de Minas Gerais e do Programa Minas Consciente, a Prefeitura Municipal de Coronel Xavier Chaves publicou um decreto que pro\u00edbe a realiza\u00e7\u00e3o de festividades que gerem aglomera\u00e7\u00f5es no munic\u00edpio no per\u00edodo de carnaval. A administra\u00e7\u00e3o p\u00fablica tamb\u00e9m visa desestimular viagens e eventos com aglomera\u00e7\u00f5es que podem aumentar o cont\u00e1gio por coronav\u00edrus.<\/p>\n<p style=\"text-align: justify;\">A Prefeitura Municipal tamb\u00e9m informa que seu funcionamento na pr\u00f3xima semana ocorrer\u00e1 normalmente das 8h \u00e0s 16h de segunda-feira a sexta-feira.<\/p>\n<p><strong><a href=\"http:\/\/coronelxavierchaves.mg.gov.br\/prefeitura\/wp-content\/uploads\/2021\/02\/Decreto-Carnaval-2021.pdf\" target=\"_blank\" rel=\"noopener\">DECRETO CARNAVAL<\/a><\/strong><\/p>\n","protected":false},"excerpt":{"rendered":"<p>Seguindo a orienta\u00e7\u00e3o do Estado de Minas Gerais e do Programa Minas Consciente, a Prefeitura Municipal de Coronel Xavier Chaves publicou um decreto que pro\u00edbe a realiza\u00e7\u00e3o de festividades que gerem aglomera\u00e7\u00f5es no munic\u00edpio no per\u00edodo de carnaval. A administra\u00e7\u00e3o p\u00fablica tamb\u00e9m visa desestimular viagens e eventos com aglomera\u00e7\u00f5es que podem aumentar o cont\u00e1gio por [&hellip;]<\/p>\n","protected":false},"author":3,"featured_media":9381,"comment_status":"open","ping_status":"open","sticky":false,"template":"","format":"standard","meta":{"footnotes":"","_links_to":"","_links_to_target":""},"categories":[1],"tags":[],"class_list":{"0":"post-9380","1":"post","2":"type-post","3":"status-publish","4":"format-standard","5":"has-post-thumbnail","7":"category-noticias"},"_links":{"self":[{"href":"https:\/\/coronelxavierchaves.mg.gov.br\/prefeitura\/wp-json\/wp\/v2\/posts\/9380","targetHints":{"allow":["GET"]}}],"collection":[{"href":"https:\/\/coronelxavierchaves.mg.gov.br\/prefeitura\/wp-json\/wp\/v2\/posts"}],"about":[{"href":"https:\/\/coronelxavierchaves.mg.gov.br\/prefeitura\/wp-json\/wp\/v2\/types\/post"}],"author":[{"embeddable":true,"href":"https:\/\/coronelxavierchaves.mg.gov.br\/prefeitura\/wp-json\/wp\/v2\/users\/3"}],"replies":[{"embeddable":true,"href":"https:\/\/coronelxavierchaves.mg.gov.br\/prefeitura\/wp-json\/wp\/v2\/comments?post=9380"}],"version-history":[{"count":2,"href":"https:\/\/coronelxavierchaves.mg.gov.br\/prefeitura\/wp-json\/wp\/v2\/posts\/9380\/revisions"}],"predecessor-version":[{"id":9384,"href":"https:\/\/coronelxavierchaves.mg.gov.br\/prefeitura\/wp-json\/wp\/v2\/posts\/9380\/revisions\/9384"}],"wp:featuredmedia":[{"embeddable":true,"href":"https:\/\/coronelxavierchaves.mg.gov.br\/prefeitura\/wp-json\/wp\/v2\/media\/9381"}],"wp:attachment":[{"href":"https:\/\/coronelxavierchaves.mg.gov.br\/prefeitura\/wp-json\/wp\/v2\/media?parent=9380"}],"wp:term":[{"taxonomy":"category","embeddable":true,"href":"https:\/\/coronelxavierchaves.mg.gov.br\/prefeitura\/wp-json\/wp\/v2\/categories?post=9380"},{"taxonomy":"post_tag","embeddable":true,"href":"https:\/\/coronelxavierchaves.mg.gov.br\/prefeitura\/wp-json\/wp\/v2\/tags?post=9380"}],"curies":[{"name":"wp","href":"https:\/\/api.w.org\/{rel}","templated":true}]}}