{"id":9385,"date":"2021-02-15T12:27:02","date_gmt":"2021-02-15T15:27:02","guid":{"rendered":"http:\/\/coronelxavierchaves.mg.gov.br\/prefeitura\/?p=9385"},"modified":"2021-02-15T12:27:02","modified_gmt":"2021-02-15T15:27:02","slug":"nota-de-esclarecimento-vacinacao","status":"publish","type":"post","link":"https:\/\/coronelxavierchaves.mg.gov.br\/prefeitura\/2021\/02\/15\/nota-de-esclarecimento-vacinacao\/","title":{"rendered":"Nota de esclarecimento"},"content":{"rendered":"<p><img loading=\"lazy\" decoding=\"async\" class=\"aligncenter wp-image-9386 size-large\" src=\"http:\/\/coronelxavierchaves.mg.gov.br\/prefeitura\/wp-content\/uploads\/2021\/02\/18-Nota-de-esclarecimento-1024x1024.jpg\" alt=\"\" width=\"696\" height=\"696\" srcset=\"https:\/\/coronelxavierchaves.mg.gov.br\/prefeitura\/wp-content\/uploads\/2021\/02\/18-Nota-de-esclarecimento-1024x1024.jpg 1024w, https:\/\/coronelxavierchaves.mg.gov.br\/prefeitura\/wp-content\/uploads\/2021\/02\/18-Nota-de-esclarecimento-300x300.jpg 300w, https:\/\/coronelxavierchaves.mg.gov.br\/prefeitura\/wp-content\/uploads\/2021\/02\/18-Nota-de-esclarecimento-130x130.jpg 130w, https:\/\/coronelxavierchaves.mg.gov.br\/prefeitura\/wp-content\/uploads\/2021\/02\/18-Nota-de-esclarecimento-scaled.jpg 768w, https:\/\/coronelxavierchaves.mg.gov.br\/prefeitura\/wp-content\/uploads\/2021\/02\/18-Nota-de-esclarecimento-1536x1536.jpg 1536w, https:\/\/coronelxavierchaves.mg.gov.br\/prefeitura\/wp-content\/uploads\/2021\/02\/18-Nota-de-esclarecimento-2048x2048.jpg 2048w, https:\/\/coronelxavierchaves.mg.gov.br\/prefeitura\/wp-content\/uploads\/2021\/02\/18-Nota-de-esclarecimento-696x696.jpg 696w, https:\/\/coronelxavierchaves.mg.gov.br\/prefeitura\/wp-content\/uploads\/2021\/02\/18-Nota-de-esclarecimento-1068x1068.jpg 1068w, https:\/\/coronelxavierchaves.mg.gov.br\/prefeitura\/wp-content\/uploads\/2021\/02\/18-Nota-de-esclarecimento-420x420.jpg 420w, https:\/\/coronelxavierchaves.mg.gov.br\/prefeitura\/wp-content\/uploads\/2021\/02\/18-Nota-de-esclarecimento-1920x1920.jpg 1920w, https:\/\/coronelxavierchaves.mg.gov.br\/prefeitura\/wp-content\/uploads\/2021\/02\/18-Nota-de-esclarecimento-45x45.jpg 45w\" sizes=\"auto, (max-width: 696px) 100vw, 696px\" \/><\/p>\n<p style=\"text-align: justify;\">A vacina\u00e7\u00e3o contra covid-19 em Coronel Xavier Chaves teve in\u00edcio no dia 19 de janeiro de 2021 com uma quantidade de doses muito limitada. Elas foram direcionadas para iniciar a vacina\u00e7\u00e3o dos trabalhadores do setor de sa\u00fade.<br \/>\nDesde ent\u00e3o, as vacinas ainda n\u00e3o chegam at\u00e9 o munic\u00edpio seguindo um cronograma regular. Desta forma, a administra\u00e7\u00e3o das vacinas recebidas atrav\u00e9s da Ger\u00eancia Regional de Sa\u00fade est\u00e1 sendo feita de forma estrat\u00e9gica para grupos priorit\u00e1rios.<br \/>\n\u00c9 importante evidenciar que a ordem das vacina\u00e7\u00f5es segue a determina\u00e7\u00e3o do Programa Nacional de Imuniza\u00e7\u00f5es (PNI), que prioriza os idosos acima de 90 anos e demais trabalhadores do setor de sa\u00fade.<br \/>\nAp\u00f3s conclus\u00e3o destes grupos, o PSF iniciar\u00e1 o atendimento de pessoas com 89 anos, em seguida 88 anos e assim por diante conforme recebimento de vacinas.<br \/>\nN\u00e3o \u00e9 necess\u00e1rio ligar para o PSF agendando as vacina\u00e7\u00f5es. O sistema possui os dados de todos os moradores cadastrados, dessa forma eles mesmos entrar\u00e3o em contato.<\/p>\n<p style=\"text-align: justify;\">Para maiores informa\u00e7\u00f5es e esclarecimentos, entre em contato com o PSF pelo telefone: (32) 3357-1512.<\/p>\n","protected":false},"excerpt":{"rendered":"<p>A vacina\u00e7\u00e3o contra covid-19 em Coronel Xavier Chaves teve in\u00edcio no dia 19 de janeiro de 2021 com uma quantidade de doses muito limitada. Elas foram direcionadas para iniciar a vacina\u00e7\u00e3o dos trabalhadores do setor de sa\u00fade. Desde ent\u00e3o, as vacinas ainda n\u00e3o chegam at\u00e9 o munic\u00edpio seguindo um cronograma regular. Desta forma, a administra\u00e7\u00e3o [&hellip;]<\/p>\n","protected":false},"author":3,"featured_media":9386,"comment_status":"open","ping_status":"open","sticky":false,"template":"","format":"standard","meta":{"footnotes":"","_links_to":"","_links_to_target":""},"categories":[1],"tags":[],"class_list":{"0":"post-9385","1":"post","2":"type-post","3":"status-publish","4":"format-standard","5":"has-post-thumbnail","7":"category-noticias"},"_links":{"self":[{"href":"https:\/\/coronelxavierchaves.mg.gov.br\/prefeitura\/wp-json\/wp\/v2\/posts\/9385","targetHints":{"allow":["GET"]}}],"collection":[{"href":"https:\/\/coronelxavierchaves.mg.gov.br\/prefeitura\/wp-json\/wp\/v2\/posts"}],"about":[{"href":"https:\/\/coronelxavierchaves.mg.gov.br\/prefeitura\/wp-json\/wp\/v2\/types\/post"}],"author":[{"embeddable":true,"href":"https:\/\/coronelxavierchaves.mg.gov.br\/prefeitura\/wp-json\/wp\/v2\/users\/3"}],"replies":[{"embeddable":true,"href":"https:\/\/coronelxavierchaves.mg.gov.br\/prefeitura\/wp-json\/wp\/v2\/comments?post=9385"}],"version-history":[{"count":1,"href":"https:\/\/coronelxavierchaves.mg.gov.br\/prefeitura\/wp-json\/wp\/v2\/posts\/9385\/revisions"}],"predecessor-version":[{"id":9387,"href":"https:\/\/coronelxavierchaves.mg.gov.br\/prefeitura\/wp-json\/wp\/v2\/posts\/9385\/revisions\/9387"}],"wp:featuredmedia":[{"embeddable":true,"href":"https:\/\/coronelxavierchaves.mg.gov.br\/prefeitura\/wp-json\/wp\/v2\/media\/9386"}],"wp:attachment":[{"href":"https:\/\/coronelxavierchaves.mg.gov.br\/prefeitura\/wp-json\/wp\/v2\/media?parent=9385"}],"wp:term":[{"taxonomy":"category","embeddable":true,"href":"https:\/\/coronelxavierchaves.mg.gov.br\/prefeitura\/wp-json\/wp\/v2\/categories?post=9385"},{"taxonomy":"post_tag","embeddable":true,"href":"https:\/\/coronelxavierchaves.mg.gov.br\/prefeitura\/wp-json\/wp\/v2\/tags?post=9385"}],"curies":[{"name":"wp","href":"https:\/\/api.w.org\/{rel}","templated":true}]}}