{"id":9390,"date":"2021-02-16T11:14:14","date_gmt":"2021-02-16T14:14:14","guid":{"rendered":"http:\/\/coronelxavierchaves.mg.gov.br\/prefeitura\/?p=9390"},"modified":"2021-02-16T11:14:14","modified_gmt":"2021-02-16T14:14:14","slug":"atualizacao-dos-vacinados-em-coronel-xavier-chaves-16-de-fevereiro-de-2021","status":"publish","type":"post","link":"https:\/\/coronelxavierchaves.mg.gov.br\/prefeitura\/2021\/02\/16\/atualizacao-dos-vacinados-em-coronel-xavier-chaves-16-de-fevereiro-de-2021\/","title":{"rendered":"Atualiza\u00e7\u00e3o dos vacinados em Coronel Xavier Chaves &#8211; 16 de fevereiro de 2021"},"content":{"rendered":"<p><img loading=\"lazy\" decoding=\"async\" class=\"aligncenter wp-image-9391 size-large\" src=\"http:\/\/coronelxavierchaves.mg.gov.br\/prefeitura\/wp-content\/uploads\/2021\/02\/5-Vacinados-16-02-1024x1024.jpg\" alt=\"\" width=\"696\" height=\"696\" srcset=\"https:\/\/coronelxavierchaves.mg.gov.br\/prefeitura\/wp-content\/uploads\/2021\/02\/5-Vacinados-16-02-1024x1024.jpg 1024w, https:\/\/coronelxavierchaves.mg.gov.br\/prefeitura\/wp-content\/uploads\/2021\/02\/5-Vacinados-16-02-300x300.jpg 300w, https:\/\/coronelxavierchaves.mg.gov.br\/prefeitura\/wp-content\/uploads\/2021\/02\/5-Vacinados-16-02-130x130.jpg 130w, https:\/\/coronelxavierchaves.mg.gov.br\/prefeitura\/wp-content\/uploads\/2021\/02\/5-Vacinados-16-02-scaled.jpg 768w, https:\/\/coronelxavierchaves.mg.gov.br\/prefeitura\/wp-content\/uploads\/2021\/02\/5-Vacinados-16-02-1536x1536.jpg 1536w, https:\/\/coronelxavierchaves.mg.gov.br\/prefeitura\/wp-content\/uploads\/2021\/02\/5-Vacinados-16-02-2048x2048.jpg 2048w, https:\/\/coronelxavierchaves.mg.gov.br\/prefeitura\/wp-content\/uploads\/2021\/02\/5-Vacinados-16-02-696x696.jpg 696w, https:\/\/coronelxavierchaves.mg.gov.br\/prefeitura\/wp-content\/uploads\/2021\/02\/5-Vacinados-16-02-1068x1068.jpg 1068w, https:\/\/coronelxavierchaves.mg.gov.br\/prefeitura\/wp-content\/uploads\/2021\/02\/5-Vacinados-16-02-420x420.jpg 420w, https:\/\/coronelxavierchaves.mg.gov.br\/prefeitura\/wp-content\/uploads\/2021\/02\/5-Vacinados-16-02-1920x1920.jpg 1920w, https:\/\/coronelxavierchaves.mg.gov.br\/prefeitura\/wp-content\/uploads\/2021\/02\/5-Vacinados-16-02-45x45.jpg 45w\" sizes=\"auto, (max-width: 696px) 100vw, 696px\" \/><\/p>\n<div>\n<div><strong>Aten\u00e7\u00e3o!<\/strong><\/div>\n<\/div>\n<div>\n<div style=\"text-align: justify;\">A vacina\u00e7\u00e3o come\u00e7ou, mas o v\u00edrus continua circulando, portanto se puder fique em casa, evite aglomera\u00e7\u00f5es, ao sair de casa utilize a m\u00e1scara corretamente e sempre higienize as m\u00e3os com \u00e1gua e sab\u00e3o ou \u00e1lcool em gel.<\/div>\n<\/div>\n","protected":false},"excerpt":{"rendered":"<p>Aten\u00e7\u00e3o! A vacina\u00e7\u00e3o come\u00e7ou, mas o v\u00edrus continua circulando, portanto se puder fique em casa, evite aglomera\u00e7\u00f5es, ao sair de casa utilize a m\u00e1scara corretamente e sempre higienize as m\u00e3os com \u00e1gua e sab\u00e3o ou \u00e1lcool em gel.<\/p>\n","protected":false},"author":3,"featured_media":9362,"comment_status":"open","ping_status":"open","sticky":false,"template":"","format":"standard","meta":{"footnotes":"","_links_to":"","_links_to_target":""},"categories":[1],"tags":[],"class_list":{"0":"post-9390","1":"post","2":"type-post","3":"status-publish","4":"format-standard","5":"has-post-thumbnail","7":"category-noticias"},"_links":{"self":[{"href":"https:\/\/coronelxavierchaves.mg.gov.br\/prefeitura\/wp-json\/wp\/v2\/posts\/9390","targetHints":{"allow":["GET"]}}],"collection":[{"href":"https:\/\/coronelxavierchaves.mg.gov.br\/prefeitura\/wp-json\/wp\/v2\/posts"}],"about":[{"href":"https:\/\/coronelxavierchaves.mg.gov.br\/prefeitura\/wp-json\/wp\/v2\/types\/post"}],"author":[{"embeddable":true,"href":"https:\/\/coronelxavierchaves.mg.gov.br\/prefeitura\/wp-json\/wp\/v2\/users\/3"}],"replies":[{"embeddable":true,"href":"https:\/\/coronelxavierchaves.mg.gov.br\/prefeitura\/wp-json\/wp\/v2\/comments?post=9390"}],"version-history":[{"count":1,"href":"https:\/\/coronelxavierchaves.mg.gov.br\/prefeitura\/wp-json\/wp\/v2\/posts\/9390\/revisions"}],"predecessor-version":[{"id":9392,"href":"https:\/\/coronelxavierchaves.mg.gov.br\/prefeitura\/wp-json\/wp\/v2\/posts\/9390\/revisions\/9392"}],"wp:featuredmedia":[{"embeddable":true,"href":"https:\/\/coronelxavierchaves.mg.gov.br\/prefeitura\/wp-json\/wp\/v2\/media\/9362"}],"wp:attachment":[{"href":"https:\/\/coronelxavierchaves.mg.gov.br\/prefeitura\/wp-json\/wp\/v2\/media?parent=9390"}],"wp:term":[{"taxonomy":"category","embeddable":true,"href":"https:\/\/coronelxavierchaves.mg.gov.br\/prefeitura\/wp-json\/wp\/v2\/categories?post=9390"},{"taxonomy":"post_tag","embeddable":true,"href":"https:\/\/coronelxavierchaves.mg.gov.br\/prefeitura\/wp-json\/wp\/v2\/tags?post=9390"}],"curies":[{"name":"wp","href":"https:\/\/api.w.org\/{rel}","templated":true}]}}