{"id":9457,"date":"2021-03-01T12:49:25","date_gmt":"2021-03-01T15:49:25","guid":{"rendered":"http:\/\/coronelxavierchaves.mg.gov.br\/prefeitura\/?p=9457"},"modified":"2021-03-01T12:49:25","modified_gmt":"2021-03-01T15:49:25","slug":"parabens-coronel-xavier-chaves","status":"publish","type":"post","link":"https:\/\/coronelxavierchaves.mg.gov.br\/prefeitura\/2021\/03\/01\/parabens-coronel-xavier-chaves\/","title":{"rendered":"Parab\u00e9ns Coronel Xavier Chaves!"},"content":{"rendered":"<p style=\"text-align: justify;\">Hoje, dia 01 de mar\u00e7o de 2021, a cidade de Coronel Xavier Chaves completa 58 anos de emancipa\u00e7\u00e3o pol\u00edtica. Nesta data trazemos a reflex\u00e3o de todos estes anos de hist\u00f3ria e luta daqueles que n\u00e3o mediram esfor\u00e7os para torn\u00e1-la uma cidade cada vez melhor. Que todos n\u00f3s xavierenses possamos nos orgulhar deste cantinho cheio de paz e tranquilidade onde temos o privil\u00e9gio de viver. Neste ano o anivers\u00e1rio de Coronel \u00e9 comemorado em sil\u00eancio e sem aglomera\u00e7\u00f5es, que nos pr\u00f3ximos anos possamos nos reunir para celebrar a felicidade de fazer parte da hist\u00f3ria do munic\u00edpio.<\/p>\n<p>Parab\u00e9ns Coronel Xavier Chaves!<\/p>\n<p><img loading=\"lazy\" decoding=\"async\" class=\"aligncenter wp-image-9458 size-large\" src=\"http:\/\/coronelxavierchaves.mg.gov.br\/prefeitura\/wp-content\/uploads\/2021\/03\/7-Dia-da-Cidade-1024x1024.jpg\" alt=\"\" width=\"696\" height=\"696\" srcset=\"https:\/\/coronelxavierchaves.mg.gov.br\/prefeitura\/wp-content\/uploads\/2021\/03\/7-Dia-da-Cidade-1024x1024.jpg 1024w, https:\/\/coronelxavierchaves.mg.gov.br\/prefeitura\/wp-content\/uploads\/2021\/03\/7-Dia-da-Cidade-300x300.jpg 300w, https:\/\/coronelxavierchaves.mg.gov.br\/prefeitura\/wp-content\/uploads\/2021\/03\/7-Dia-da-Cidade-130x130.jpg 130w, https:\/\/coronelxavierchaves.mg.gov.br\/prefeitura\/wp-content\/uploads\/2021\/03\/7-Dia-da-Cidade-scaled.jpg 768w, https:\/\/coronelxavierchaves.mg.gov.br\/prefeitura\/wp-content\/uploads\/2021\/03\/7-Dia-da-Cidade-1536x1536.jpg 1536w, https:\/\/coronelxavierchaves.mg.gov.br\/prefeitura\/wp-content\/uploads\/2021\/03\/7-Dia-da-Cidade-2048x2048.jpg 2048w, https:\/\/coronelxavierchaves.mg.gov.br\/prefeitura\/wp-content\/uploads\/2021\/03\/7-Dia-da-Cidade-696x696.jpg 696w, https:\/\/coronelxavierchaves.mg.gov.br\/prefeitura\/wp-content\/uploads\/2021\/03\/7-Dia-da-Cidade-1068x1068.jpg 1068w, https:\/\/coronelxavierchaves.mg.gov.br\/prefeitura\/wp-content\/uploads\/2021\/03\/7-Dia-da-Cidade-420x420.jpg 420w, https:\/\/coronelxavierchaves.mg.gov.br\/prefeitura\/wp-content\/uploads\/2021\/03\/7-Dia-da-Cidade-1920x1920.jpg 1920w, https:\/\/coronelxavierchaves.mg.gov.br\/prefeitura\/wp-content\/uploads\/2021\/03\/7-Dia-da-Cidade-45x45.jpg 45w\" sizes=\"auto, (max-width: 696px) 100vw, 696px\" \/><\/p>\n","protected":false},"excerpt":{"rendered":"<p>Hoje, dia 01 de mar\u00e7o de 2021, a cidade de Coronel Xavier Chaves completa 58 anos de emancipa\u00e7\u00e3o pol\u00edtica. Nesta data trazemos a reflex\u00e3o de todos estes anos de hist\u00f3ria e luta daqueles que n\u00e3o mediram esfor\u00e7os para torn\u00e1-la uma cidade cada vez melhor. Que todos n\u00f3s xavierenses possamos nos orgulhar deste cantinho cheio de [&hellip;]<\/p>\n","protected":false},"author":3,"featured_media":9458,"comment_status":"open","ping_status":"open","sticky":false,"template":"","format":"standard","meta":{"footnotes":"","_links_to":"","_links_to_target":""},"categories":[1],"tags":[],"class_list":{"0":"post-9457","1":"post","2":"type-post","3":"status-publish","4":"format-standard","5":"has-post-thumbnail","7":"category-noticias"},"_links":{"self":[{"href":"https:\/\/coronelxavierchaves.mg.gov.br\/prefeitura\/wp-json\/wp\/v2\/posts\/9457","targetHints":{"allow":["GET"]}}],"collection":[{"href":"https:\/\/coronelxavierchaves.mg.gov.br\/prefeitura\/wp-json\/wp\/v2\/posts"}],"about":[{"href":"https:\/\/coronelxavierchaves.mg.gov.br\/prefeitura\/wp-json\/wp\/v2\/types\/post"}],"author":[{"embeddable":true,"href":"https:\/\/coronelxavierchaves.mg.gov.br\/prefeitura\/wp-json\/wp\/v2\/users\/3"}],"replies":[{"embeddable":true,"href":"https:\/\/coronelxavierchaves.mg.gov.br\/prefeitura\/wp-json\/wp\/v2\/comments?post=9457"}],"version-history":[{"count":1,"href":"https:\/\/coronelxavierchaves.mg.gov.br\/prefeitura\/wp-json\/wp\/v2\/posts\/9457\/revisions"}],"predecessor-version":[{"id":9459,"href":"https:\/\/coronelxavierchaves.mg.gov.br\/prefeitura\/wp-json\/wp\/v2\/posts\/9457\/revisions\/9459"}],"wp:featuredmedia":[{"embeddable":true,"href":"https:\/\/coronelxavierchaves.mg.gov.br\/prefeitura\/wp-json\/wp\/v2\/media\/9458"}],"wp:attachment":[{"href":"https:\/\/coronelxavierchaves.mg.gov.br\/prefeitura\/wp-json\/wp\/v2\/media?parent=9457"}],"wp:term":[{"taxonomy":"category","embeddable":true,"href":"https:\/\/coronelxavierchaves.mg.gov.br\/prefeitura\/wp-json\/wp\/v2\/categories?post=9457"},{"taxonomy":"post_tag","embeddable":true,"href":"https:\/\/coronelxavierchaves.mg.gov.br\/prefeitura\/wp-json\/wp\/v2\/tags?post=9457"}],"curies":[{"name":"wp","href":"https:\/\/api.w.org\/{rel}","templated":true}]}}