{"id":9496,"date":"2021-03-04T11:17:15","date_gmt":"2021-03-04T14:17:15","guid":{"rendered":"http:\/\/coronelxavierchaves.mg.gov.br\/prefeitura\/?p=9496"},"modified":"2021-03-04T11:20:30","modified_gmt":"2021-03-04T14:20:30","slug":"prefeitura-municipal-em-parceria-com-a-escola-estadual-realiza-o-projeto-consciencia-ambiental","status":"publish","type":"post","link":"https:\/\/coronelxavierchaves.mg.gov.br\/prefeitura\/2021\/03\/04\/prefeitura-municipal-em-parceria-com-a-escola-estadual-realiza-o-projeto-consciencia-ambiental\/","title":{"rendered":"Prefeitura Municipal em parceria com a Escola Estadual realiza o Projeto Consci\u00eancia Ambiental"},"content":{"rendered":"<div>\n<div style=\"text-align: justify;\">Desde 2019 a Prefeitura Municipal de Coronel Xavier Chaves em parceria com a Escola Estadual realiza o Projeto Consci\u00eancia Ambiental com os alunos do 3\u00ba ano. O jornalista Jos\u00e9 Ven\u00e2ncio de Resende, do Jornal das Lajes, produziu uma mat\u00e9ria sobre essa edi\u00e7\u00e3o do projeto.<\/div>\n<div><\/div>\n<\/div>\n<div>\n<div>Confira a mat\u00e9ria completa no link:<\/div>\n<\/div>\n<div>\n<div><a href=\"https:\/\/www.jornaldaslajes.com.br\/integra\/em-cxc-alunos-de-escola-estadual-sao-selecionados-para-projeto-ambiental\/3282\" target=\"_blank\" rel=\"noopener\" data-saferedirecturl=\"https:\/\/www.google.com\/url?q=https:\/\/www.jornaldaslajes.com.br\/integra\/em-cxc-alunos-de-escola-estadual-sao-selecionados-para-projeto-ambiental\/3282&amp;source=gmail&amp;ust=1614953493253000&amp;usg=AFQjCNE44dbudRED0oPZ7qu1qucvDShSTw\">https:\/\/www.jornaldaslajes.<wbr \/>com.br\/integra\/em-cxc-alunos-<wbr \/>de-escola-estadual-sao-<wbr \/>selecionados-para-projeto-<wbr \/>ambiental\/3282<\/a><\/div>\n<div>\n<p>&nbsp;<\/p>\n<div>\n<div><\/div>\n<\/div>\n<\/div>\n<\/div>\n<div><img loading=\"lazy\" decoding=\"async\" class=\"aligncenter wp-image-9497 size-large\" src=\"http:\/\/coronelxavierchaves.mg.gov.br\/prefeitura\/wp-content\/uploads\/2021\/03\/4-Materia-Jornal-das-Lajes-768x1024.jpg\" alt=\"\" width=\"696\" height=\"928\" srcset=\"https:\/\/coronelxavierchaves.mg.gov.br\/prefeitura\/wp-content\/uploads\/2021\/03\/4-Materia-Jornal-das-Lajes-768x1024.jpg 768w, https:\/\/coronelxavierchaves.mg.gov.br\/prefeitura\/wp-content\/uploads\/2021\/03\/4-Materia-Jornal-das-Lajes-225x300.jpg 225w, https:\/\/coronelxavierchaves.mg.gov.br\/prefeitura\/wp-content\/uploads\/2021\/03\/4-Materia-Jornal-das-Lajes-1152x1536.jpg 1152w, https:\/\/coronelxavierchaves.mg.gov.br\/prefeitura\/wp-content\/uploads\/2021\/03\/4-Materia-Jornal-das-Lajes-1536x2048.jpg 1536w, https:\/\/coronelxavierchaves.mg.gov.br\/prefeitura\/wp-content\/uploads\/2021\/03\/4-Materia-Jornal-das-Lajes-696x928.jpg 696w, https:\/\/coronelxavierchaves.mg.gov.br\/prefeitura\/wp-content\/uploads\/2021\/03\/4-Materia-Jornal-das-Lajes-1068x1424.jpg 1068w, https:\/\/coronelxavierchaves.mg.gov.br\/prefeitura\/wp-content\/uploads\/2021\/03\/4-Materia-Jornal-das-Lajes-315x420.jpg 315w, https:\/\/coronelxavierchaves.mg.gov.br\/prefeitura\/wp-content\/uploads\/2021\/03\/4-Materia-Jornal-das-Lajes-scaled.jpg 576w\" sizes=\"auto, (max-width: 696px) 100vw, 696px\" \/><\/div>\n","protected":false},"excerpt":{"rendered":"<p>Desde 2019 a Prefeitura Municipal de Coronel Xavier Chaves em parceria com a Escola Estadual realiza o Projeto Consci\u00eancia Ambiental com os alunos do 3\u00ba ano. O jornalista Jos\u00e9 Ven\u00e2ncio de Resende, do Jornal das Lajes, produziu uma mat\u00e9ria sobre essa edi\u00e7\u00e3o do projeto. Confira a mat\u00e9ria completa no link: https:\/\/www.jornaldaslajes.com.br\/integra\/em-cxc-alunos-de-escola-estadual-sao-selecionados-para-projeto-ambiental\/3282 &nbsp;<\/p>\n","protected":false},"author":3,"featured_media":9498,"comment_status":"open","ping_status":"open","sticky":false,"template":"","format":"standard","meta":{"footnotes":"","_links_to":"","_links_to_target":""},"categories":[1],"tags":[],"class_list":{"0":"post-9496","1":"post","2":"type-post","3":"status-publish","4":"format-standard","5":"has-post-thumbnail","7":"category-noticias"},"_links":{"self":[{"href":"https:\/\/coronelxavierchaves.mg.gov.br\/prefeitura\/wp-json\/wp\/v2\/posts\/9496","targetHints":{"allow":["GET"]}}],"collection":[{"href":"https:\/\/coronelxavierchaves.mg.gov.br\/prefeitura\/wp-json\/wp\/v2\/posts"}],"about":[{"href":"https:\/\/coronelxavierchaves.mg.gov.br\/prefeitura\/wp-json\/wp\/v2\/types\/post"}],"author":[{"embeddable":true,"href":"https:\/\/coronelxavierchaves.mg.gov.br\/prefeitura\/wp-json\/wp\/v2\/users\/3"}],"replies":[{"embeddable":true,"href":"https:\/\/coronelxavierchaves.mg.gov.br\/prefeitura\/wp-json\/wp\/v2\/comments?post=9496"}],"version-history":[{"count":5,"href":"https:\/\/coronelxavierchaves.mg.gov.br\/prefeitura\/wp-json\/wp\/v2\/posts\/9496\/revisions"}],"predecessor-version":[{"id":9503,"href":"https:\/\/coronelxavierchaves.mg.gov.br\/prefeitura\/wp-json\/wp\/v2\/posts\/9496\/revisions\/9503"}],"wp:featuredmedia":[{"embeddable":true,"href":"https:\/\/coronelxavierchaves.mg.gov.br\/prefeitura\/wp-json\/wp\/v2\/media\/9498"}],"wp:attachment":[{"href":"https:\/\/coronelxavierchaves.mg.gov.br\/prefeitura\/wp-json\/wp\/v2\/media?parent=9496"}],"wp:term":[{"taxonomy":"category","embeddable":true,"href":"https:\/\/coronelxavierchaves.mg.gov.br\/prefeitura\/wp-json\/wp\/v2\/categories?post=9496"},{"taxonomy":"post_tag","embeddable":true,"href":"https:\/\/coronelxavierchaves.mg.gov.br\/prefeitura\/wp-json\/wp\/v2\/tags?post=9496"}],"curies":[{"name":"wp","href":"https:\/\/api.w.org\/{rel}","templated":true}]}}