{"id":9546,"date":"2021-03-12T12:39:13","date_gmt":"2021-03-12T15:39:13","guid":{"rendered":"http:\/\/coronelxavierchaves.mg.gov.br\/prefeitura\/?p=9546"},"modified":"2021-03-12T12:39:13","modified_gmt":"2021-03-12T15:39:13","slug":"coronel-xavier-chaves-regredira-para-a-onda-roxa-do-plano-minas-consciente","status":"publish","type":"post","link":"https:\/\/coronelxavierchaves.mg.gov.br\/prefeitura\/2021\/03\/12\/coronel-xavier-chaves-regredira-para-a-onda-roxa-do-plano-minas-consciente\/","title":{"rendered":"Coronel Xavier Chaves regredir\u00e1 para a onda roxa do Plano Minas Consciente"},"content":{"rendered":"<p style=\"text-align: justify;\">Segundo a decis\u00e3o do Comit\u00ea Estadual Extraordin\u00e1rio Covid-19, a Macrorregi\u00e3o Centro-Sul, a qual inclui o Munic\u00edpio de Coronel Xavier Chaves, ir\u00e1 regredir para onda roxa do Programa Minas Consciente. A determina\u00e7\u00e3o valer\u00e1 a partir do pr\u00f3ximo s\u00e1bado, dia 13 de mar\u00e7o de 2021.<\/p>\n<p style=\"text-align: justify;\">A onda roxa determina medidas restritivas para conter a evolu\u00e7\u00e3o do cont\u00e1gio por coronav\u00edrus. Essas regras s\u00e3o impostas pelo estado \u00e0s prefeituras que est\u00e3o pr\u00f3ximas a uma crise no sistema de sa\u00fade. Os munic\u00edpios devem adotar as mesmas regras ou aderir outras ainda mais restritivas complementando as do Estado, n\u00e3o sendo permitido \u00e0s prefeituras estabelecer regras mais flex\u00edveis que as impostas pelo Minas Consciente. Ser\u00e1 permitido somente o funcionamento de servi\u00e7os essenciais e a circula\u00e7\u00e3o de pessoas ficar\u00e1 limitada aos funcion\u00e1rios e usu\u00e1rios desses estabelecimentos. O deslocamento por qualquer outra raz\u00e3o dever\u00e1 ser justificado e a fiscaliza\u00e7\u00e3o ser\u00e1 feita com o apoio da Pol\u00edcia Militar.<\/p>\n<p style=\"text-align: justify;\">Crit\u00e9rios impostos pelo Minas Consciente na onda roxa:<\/p>\n<p style=\"text-align: justify;\">&#8211; Funcionamento apenas de servi\u00e7os essenciais;<\/p>\n<p style=\"text-align: justify;\">&#8211; A circula\u00e7\u00e3o de pessoas deve ocorrer apenas em situa\u00e7\u00f5es relacionadas \u00e0s atividades essenciais;<\/p>\n<p style=\"text-align: justify;\">&#8211; Toque de recolher entre 20h e 5h;<\/p>\n<p style=\"text-align: justify;\">&#8211; Proibi\u00e7\u00e3o de circula\u00e7\u00e3o de pessoas sem m\u00e1scara em qualquer espa\u00e7o p\u00fablico ou de uso coletivo (ainda que privado);<\/p>\n<p style=\"text-align: justify;\">&#8211; Proibi\u00e7\u00e3o de circula\u00e7\u00e3o de pessoas com sintomas de gripe, exceto para a realiza\u00e7\u00e3o ou acompanhamento de consultas e realiza\u00e7\u00e3o de exames m\u00e9dico-hospitalares;<\/p>\n<p style=\"text-align: justify;\">&#8211; Proibi\u00e7\u00e3o de eventos p\u00fablicos e privados;<\/p>\n<p style=\"text-align: justify;\">&#8211; Proibi\u00e7\u00e3o de reuni\u00f5es presenciais, inclusive de pessoas da mesma fam\u00edlia que n\u00e3o residem na mesma casa.<\/p>\n<p style=\"text-align: justify;\">S\u00e3o considerados servi\u00e7os essenciais:<\/p>\n<p style=\"text-align: justify;\">&#8211; Setor de alimentos (Bares e restaurantes poder\u00e3o realizar apenas delivery \u2013 retiradas no estabelecimento n\u00e3o ser\u00e3o autorizadas);<\/p>\n<p style=\"text-align: justify;\">&#8211; Servi\u00e7os de Sa\u00fade (atendimento, ind\u00fastrias, veterin\u00e1rias etc.);<\/p>\n<p style=\"text-align: justify;\">&#8211; Bancos;<\/p>\n<p style=\"text-align: justify;\">&#8211; Transporte P\u00fablico (deslocamento para atividades essenciais);<\/p>\n<p style=\"text-align: justify;\">&#8211; Energia, G\u00e1s, Petr\u00f3leo, Combust\u00edveis e derivados;<\/p>\n<p style=\"text-align: justify;\">&#8211; Manuten\u00e7\u00e3o de equipamentos e ve\u00edculos;<\/p>\n<p style=\"text-align: justify;\">&#8211; Constru\u00e7\u00e3o civil;<\/p>\n<p style=\"text-align: justify;\">&#8211; Ind\u00fastrias (apenas da cadeia de atividades essenciais);<\/p>\n<p style=\"text-align: justify;\">&#8211; Lavanderias;<\/p>\n<p style=\"text-align: justify;\">&#8211; Servi\u00e7os de TI, dados, imprensa e comunica\u00e7\u00e3o;<\/p>\n<p style=\"text-align: justify;\">&#8211; Servi\u00e7os de interesse p\u00fablico (\u00e1gua, esgoto, funer\u00e1rio, correios etc.)<\/p>\n<p style=\"text-align: justify;\">Os leitos de UTI para tratamento da Covid-19 para os habitantes de S\u00e3o Jo\u00e3o Del Rei e regi\u00e3o se encontram totalmente ocupados, demonstrando o colapso de sa\u00fade que a regi\u00e3o enfrenta. Portanto, siga cautelosamente todas as regras impostas para este per\u00edodo para que o v\u00edrus n\u00e3o continue circulando.<\/p>\n","protected":false},"excerpt":{"rendered":"<p>Segundo a decis\u00e3o do Comit\u00ea Estadual Extraordin\u00e1rio Covid-19, a Macrorregi\u00e3o Centro-Sul, a qual inclui o Munic\u00edpio de Coronel Xavier Chaves, ir\u00e1 regredir para onda roxa do Programa Minas Consciente. A determina\u00e7\u00e3o valer\u00e1 a partir do pr\u00f3ximo s\u00e1bado, dia 13 de mar\u00e7o de 2021. A onda roxa determina medidas restritivas para conter a evolu\u00e7\u00e3o do cont\u00e1gio [&hellip;]<\/p>\n","protected":false},"author":3,"featured_media":9547,"comment_status":"open","ping_status":"open","sticky":false,"template":"","format":"standard","meta":{"footnotes":"","_links_to":"","_links_to_target":""},"categories":[1],"tags":[],"class_list":{"0":"post-9546","1":"post","2":"type-post","3":"status-publish","4":"format-standard","5":"has-post-thumbnail","7":"category-noticias"},"_links":{"self":[{"href":"https:\/\/coronelxavierchaves.mg.gov.br\/prefeitura\/wp-json\/wp\/v2\/posts\/9546","targetHints":{"allow":["GET"]}}],"collection":[{"href":"https:\/\/coronelxavierchaves.mg.gov.br\/prefeitura\/wp-json\/wp\/v2\/posts"}],"about":[{"href":"https:\/\/coronelxavierchaves.mg.gov.br\/prefeitura\/wp-json\/wp\/v2\/types\/post"}],"author":[{"embeddable":true,"href":"https:\/\/coronelxavierchaves.mg.gov.br\/prefeitura\/wp-json\/wp\/v2\/users\/3"}],"replies":[{"embeddable":true,"href":"https:\/\/coronelxavierchaves.mg.gov.br\/prefeitura\/wp-json\/wp\/v2\/comments?post=9546"}],"version-history":[{"count":1,"href":"https:\/\/coronelxavierchaves.mg.gov.br\/prefeitura\/wp-json\/wp\/v2\/posts\/9546\/revisions"}],"predecessor-version":[{"id":9548,"href":"https:\/\/coronelxavierchaves.mg.gov.br\/prefeitura\/wp-json\/wp\/v2\/posts\/9546\/revisions\/9548"}],"wp:featuredmedia":[{"embeddable":true,"href":"https:\/\/coronelxavierchaves.mg.gov.br\/prefeitura\/wp-json\/wp\/v2\/media\/9547"}],"wp:attachment":[{"href":"https:\/\/coronelxavierchaves.mg.gov.br\/prefeitura\/wp-json\/wp\/v2\/media?parent=9546"}],"wp:term":[{"taxonomy":"category","embeddable":true,"href":"https:\/\/coronelxavierchaves.mg.gov.br\/prefeitura\/wp-json\/wp\/v2\/categories?post=9546"},{"taxonomy":"post_tag","embeddable":true,"href":"https:\/\/coronelxavierchaves.mg.gov.br\/prefeitura\/wp-json\/wp\/v2\/tags?post=9546"}],"curies":[{"name":"wp","href":"https:\/\/api.w.org\/{rel}","templated":true}]}}