{"id":9566,"date":"2021-03-13T18:31:59","date_gmt":"2021-03-13T21:31:59","guid":{"rendered":"http:\/\/coronelxavierchaves.mg.gov.br\/prefeitura\/?p=9566"},"modified":"2021-03-13T18:31:59","modified_gmt":"2021-03-13T21:31:59","slug":"confira-como-sera-o-funcionamento-dos-orgaos-publicos-durante-a-onda-roxa","status":"publish","type":"post","link":"https:\/\/coronelxavierchaves.mg.gov.br\/prefeitura\/2021\/03\/13\/confira-como-sera-o-funcionamento-dos-orgaos-publicos-durante-a-onda-roxa\/","title":{"rendered":"Confira como ser\u00e1 o funcionamento dos \u00f3rg\u00e3os p\u00fablicos durante a onda roxa"},"content":{"rendered":"<p><img loading=\"lazy\" decoding=\"async\" class=\"aligncenter wp-image-9569 size-large\" src=\"http:\/\/coronelxavierchaves.mg.gov.br\/prefeitura\/wp-content\/uploads\/2021\/03\/14-Funcionamento-publico-onda-roxa-1-768x1024.jpg\" alt=\"\" width=\"696\" height=\"928\" srcset=\"https:\/\/coronelxavierchaves.mg.gov.br\/prefeitura\/wp-content\/uploads\/2021\/03\/14-Funcionamento-publico-onda-roxa-1-768x1024.jpg 768w, https:\/\/coronelxavierchaves.mg.gov.br\/prefeitura\/wp-content\/uploads\/2021\/03\/14-Funcionamento-publico-onda-roxa-1-225x300.jpg 225w, https:\/\/coronelxavierchaves.mg.gov.br\/prefeitura\/wp-content\/uploads\/2021\/03\/14-Funcionamento-publico-onda-roxa-1-1152x1536.jpg 1152w, https:\/\/coronelxavierchaves.mg.gov.br\/prefeitura\/wp-content\/uploads\/2021\/03\/14-Funcionamento-publico-onda-roxa-1-1536x2048.jpg 1536w, https:\/\/coronelxavierchaves.mg.gov.br\/prefeitura\/wp-content\/uploads\/2021\/03\/14-Funcionamento-publico-onda-roxa-1-696x928.jpg 696w, https:\/\/coronelxavierchaves.mg.gov.br\/prefeitura\/wp-content\/uploads\/2021\/03\/14-Funcionamento-publico-onda-roxa-1-1068x1424.jpg 1068w, https:\/\/coronelxavierchaves.mg.gov.br\/prefeitura\/wp-content\/uploads\/2021\/03\/14-Funcionamento-publico-onda-roxa-1-315x420.jpg 315w, https:\/\/coronelxavierchaves.mg.gov.br\/prefeitura\/wp-content\/uploads\/2021\/03\/14-Funcionamento-publico-onda-roxa-1-scaled.jpg 576w\" sizes=\"auto, (max-width: 696px) 100vw, 696px\" \/><\/p>\n","protected":false},"excerpt":{"rendered":"","protected":false},"author":3,"featured_media":9567,"comment_status":"open","ping_status":"open","sticky":false,"template":"","format":"standard","meta":{"footnotes":"","_links_to":"","_links_to_target":""},"categories":[1],"tags":[],"class_list":{"0":"post-9566","1":"post","2":"type-post","3":"status-publish","4":"format-standard","5":"has-post-thumbnail","7":"category-noticias"},"_links":{"self":[{"href":"https:\/\/coronelxavierchaves.mg.gov.br\/prefeitura\/wp-json\/wp\/v2\/posts\/9566","targetHints":{"allow":["GET"]}}],"collection":[{"href":"https:\/\/coronelxavierchaves.mg.gov.br\/prefeitura\/wp-json\/wp\/v2\/posts"}],"about":[{"href":"https:\/\/coronelxavierchaves.mg.gov.br\/prefeitura\/wp-json\/wp\/v2\/types\/post"}],"author":[{"embeddable":true,"href":"https:\/\/coronelxavierchaves.mg.gov.br\/prefeitura\/wp-json\/wp\/v2\/users\/3"}],"replies":[{"embeddable":true,"href":"https:\/\/coronelxavierchaves.mg.gov.br\/prefeitura\/wp-json\/wp\/v2\/comments?post=9566"}],"version-history":[{"count":1,"href":"https:\/\/coronelxavierchaves.mg.gov.br\/prefeitura\/wp-json\/wp\/v2\/posts\/9566\/revisions"}],"predecessor-version":[{"id":9570,"href":"https:\/\/coronelxavierchaves.mg.gov.br\/prefeitura\/wp-json\/wp\/v2\/posts\/9566\/revisions\/9570"}],"wp:featuredmedia":[{"embeddable":true,"href":"https:\/\/coronelxavierchaves.mg.gov.br\/prefeitura\/wp-json\/wp\/v2\/media\/9567"}],"wp:attachment":[{"href":"https:\/\/coronelxavierchaves.mg.gov.br\/prefeitura\/wp-json\/wp\/v2\/media?parent=9566"}],"wp:term":[{"taxonomy":"category","embeddable":true,"href":"https:\/\/coronelxavierchaves.mg.gov.br\/prefeitura\/wp-json\/wp\/v2\/categories?post=9566"},{"taxonomy":"post_tag","embeddable":true,"href":"https:\/\/coronelxavierchaves.mg.gov.br\/prefeitura\/wp-json\/wp\/v2\/tags?post=9566"}],"curies":[{"name":"wp","href":"https:\/\/api.w.org\/{rel}","templated":true}]}}