{"id":9605,"date":"2021-03-16T16:07:55","date_gmt":"2021-03-16T19:07:55","guid":{"rendered":"http:\/\/coronelxavierchaves.mg.gov.br\/prefeitura\/?p=9605"},"modified":"2021-03-16T16:14:19","modified_gmt":"2021-03-16T19:14:19","slug":"todas-as-regioes-de-minas-entrarao-na-onda-roxa","status":"publish","type":"post","link":"https:\/\/coronelxavierchaves.mg.gov.br\/prefeitura\/2021\/03\/16\/todas-as-regioes-de-minas-entrarao-na-onda-roxa\/","title":{"rendered":"Todas as regi\u00f5es de Minas entrar\u00e3o na onda roxa."},"content":{"rendered":"<p style=\"text-align: justify;\">A partir desta quarta-feira, 17 de mar\u00e7o de 2021, todas as regi\u00f5es de Minas entrar\u00e3o na onda roxa.<\/p>\n<p style=\"text-align: justify;\">O Governador de Minas Gerais, Romeu Zema, se pronunciou ontem, dia 15 de mar\u00e7o de 2021, a respeito da crise em sa\u00fade que o Estado vem enfrentando. Ap\u00f3s reunir-se com especialistas em sa\u00fade e com o Comit\u00ea de Enfrentamento \u00e0 Covid, foi decidido que todas as regi\u00f5es de Minas entrar\u00e3o para a onda roxa. Ele refor\u00e7ou que apesar haver a expans\u00e3o do n\u00famero de leitos de UTI e enfermaria, a amplia\u00e7\u00e3o do n\u00famero profissionais de sa\u00fade e a prepara\u00e7\u00e3o para a maior opera\u00e7\u00e3o de vacina\u00e7\u00e3o da hist\u00f3ria do estado, Minas vive hoje o momento mais dif\u00edcil da pandemia. Os hospitais encontram-se no limite de lota\u00e7\u00e3o e com dificuldade de atendimento, ao mesmo tempo em que muitas pessoas insistem em n\u00e3o respeitar as medidas de prote\u00e7\u00e3o contra o coronav\u00edrus.<\/p>\n<p style=\"text-align: justify;\">Pensando na prote\u00e7\u00e3o e no fornecimento de um atendimento adequado aos mineiros, a onda roxa determina medidas mais restritivas e obrigat\u00f3rias, como o funcionamento apenas de servi\u00e7os essenciais e a proibi\u00e7\u00e3o da circula\u00e7\u00e3o de pessoas na rua, exceto aquelas que trabalham ou utilizar\u00e3o os servi\u00e7os essenciais. O cumprimento destes crit\u00e9rios \u00e9 necess\u00e1rio para que se evite um cen\u00e1rio pior que o que a popula\u00e7\u00e3o j\u00e1 vive hoje. No fim do pronunciamento, Zema fez um apelo a todos os mineiros: \u201cPrecisamos manter as medidas de prote\u00e7\u00e3o e distanciamento social. N\u00e3o vamos deixar que o cansa\u00e7o nos ven\u00e7a. Por favor, respeite e colabore, para que possamos vencer essa guerra.\u201d<\/p>\n<p><iframe loading=\"lazy\" style=\"border: none; overflow: hidden;\" src=\"https:\/\/www.facebook.com\/plugins\/video.php?height=314&amp;href=https%3A%2F%2Fwww.facebook.com%2Fcoronel.xavierchaves%2Fvideos%2F3628087767301859%2F&amp;show_text=false&amp;width=560\" width=\"560\" height=\"314\" frameborder=\"0\" scrolling=\"no\" allowfullscreen=\"allowfullscreen\"><\/iframe><\/p>\n","protected":false},"excerpt":{"rendered":"<p>A partir desta quarta-feira, 17 de mar\u00e7o de 2021, todas as regi\u00f5es de Minas entrar\u00e3o na onda roxa. O Governador de Minas Gerais, Romeu Zema, se pronunciou ontem, dia 15 de mar\u00e7o de 2021, a respeito da crise em sa\u00fade que o Estado vem enfrentando. Ap\u00f3s reunir-se com especialistas em sa\u00fade e com o Comit\u00ea [&hellip;]<\/p>\n","protected":false},"author":3,"featured_media":9611,"comment_status":"open","ping_status":"open","sticky":false,"template":"","format":"standard","meta":{"footnotes":"","_links_to":"","_links_to_target":""},"categories":[1],"tags":[],"class_list":{"0":"post-9605","1":"post","2":"type-post","3":"status-publish","4":"format-standard","5":"has-post-thumbnail","7":"category-noticias"},"_links":{"self":[{"href":"https:\/\/coronelxavierchaves.mg.gov.br\/prefeitura\/wp-json\/wp\/v2\/posts\/9605","targetHints":{"allow":["GET"]}}],"collection":[{"href":"https:\/\/coronelxavierchaves.mg.gov.br\/prefeitura\/wp-json\/wp\/v2\/posts"}],"about":[{"href":"https:\/\/coronelxavierchaves.mg.gov.br\/prefeitura\/wp-json\/wp\/v2\/types\/post"}],"author":[{"embeddable":true,"href":"https:\/\/coronelxavierchaves.mg.gov.br\/prefeitura\/wp-json\/wp\/v2\/users\/3"}],"replies":[{"embeddable":true,"href":"https:\/\/coronelxavierchaves.mg.gov.br\/prefeitura\/wp-json\/wp\/v2\/comments?post=9605"}],"version-history":[{"count":9,"href":"https:\/\/coronelxavierchaves.mg.gov.br\/prefeitura\/wp-json\/wp\/v2\/posts\/9605\/revisions"}],"predecessor-version":[{"id":9613,"href":"https:\/\/coronelxavierchaves.mg.gov.br\/prefeitura\/wp-json\/wp\/v2\/posts\/9605\/revisions\/9613"}],"wp:featuredmedia":[{"embeddable":true,"href":"https:\/\/coronelxavierchaves.mg.gov.br\/prefeitura\/wp-json\/wp\/v2\/media\/9611"}],"wp:attachment":[{"href":"https:\/\/coronelxavierchaves.mg.gov.br\/prefeitura\/wp-json\/wp\/v2\/media?parent=9605"}],"wp:term":[{"taxonomy":"category","embeddable":true,"href":"https:\/\/coronelxavierchaves.mg.gov.br\/prefeitura\/wp-json\/wp\/v2\/categories?post=9605"},{"taxonomy":"post_tag","embeddable":true,"href":"https:\/\/coronelxavierchaves.mg.gov.br\/prefeitura\/wp-json\/wp\/v2\/tags?post=9605"}],"curies":[{"name":"wp","href":"https:\/\/api.w.org\/{rel}","templated":true}]}}