{"id":9624,"date":"2021-03-17T10:52:14","date_gmt":"2021-03-17T13:52:14","guid":{"rendered":"http:\/\/coronelxavierchaves.mg.gov.br\/prefeitura\/?p=9624"},"modified":"2021-03-17T10:52:14","modified_gmt":"2021-03-17T13:52:14","slug":"coronel-xavier-chaves-permanece-em-medio-risco-para-infestacao-do-aedes-aegypti","status":"publish","type":"post","link":"https:\/\/coronelxavierchaves.mg.gov.br\/prefeitura\/2021\/03\/17\/coronel-xavier-chaves-permanece-em-medio-risco-para-infestacao-do-aedes-aegypti\/","title":{"rendered":"Coronel Xavier Chaves permanece em m\u00e9dio risco para infesta\u00e7\u00e3o do Aedes Aegypti"},"content":{"rendered":"<p style=\"text-align: justify;\">O setor de epidemiologia de Coronel Xavier Chaves realizou no m\u00eas de mar\u00e7o, o segundo Levantamento R\u00e1pido do \u00cdndice de Infesta\u00e7\u00e3o por Aedes Aegypti (LIA) de 2021. A pesquisa baseia-se em realizar m\u00e9todos de amostragem e mapeamento de \u00edndices de infesta\u00e7\u00e3o e tipos de criadouros do Aedes Aegypti nas \u00e1reas urbanas. A inspe\u00e7\u00e3o para coleta das amostras foi realizada em 355 im\u00f3veis da cidade dos dias 08 a 12 de mar\u00e7o. Este n\u00famero corresponde a 33% dos im\u00f3veis visitados durante o programa de mapeamento.<\/p>\n<p style=\"text-align: justify;\">O resultado apontou que o munic\u00edpio permanece na escala de m\u00e9dio risco de infesta\u00e7\u00e3o do mosquito. Durante os trabalhos de campo foram coletadas 31 amostras de larvas e encaminhadas para an\u00e1lise no laborat\u00f3rio da Ger\u00eancia Regional de Sa\u00fade em S\u00e3o Jo\u00e3o Del Rei. Entre elas foram detectadas 7 amostras positivas para o Aedes Aegypti, e 2 amostra positiva para o Aedes Albopictus. Das amostras positivas para o Aedes Aegypti, 1 foi encontrada no centro, 2 no Bairro Nossa Senhora da Concei\u00e7\u00e3o, 3 na Vila F\u00e1tima e 1 na Vila Mendes.<\/p>\n<p style=\"text-align: justify;\">O setor de epidemiologia faz um apelo \u00e0 popula\u00e7\u00e3o para que redobre os cuidados com a \u00e1gua parada nos quintais, uma vez que os pequenos dep\u00f3sitos m\u00f3veis s\u00e3o de f\u00e1cil remo\u00e7\u00e3o. S\u00e3o com esses pequenos atos que pode-se acabar com o ciclo de reprodu\u00e7\u00e3o do Aedes Aegypti. Fa\u00e7a a sua parte, tire 10 minutos do seu dia para verificar o seu quintal!<\/p>\n<p><img loading=\"lazy\" decoding=\"async\" class=\"aligncenter wp-image-9626 size-large\" src=\"http:\/\/coronelxavierchaves.mg.gov.br\/prefeitura\/wp-content\/uploads\/2021\/03\/24-Segundo-Levantamento-LIA-imagem-1024x1024.jpg\" alt=\"\" width=\"696\" height=\"696\" srcset=\"https:\/\/coronelxavierchaves.mg.gov.br\/prefeitura\/wp-content\/uploads\/2021\/03\/24-Segundo-Levantamento-LIA-imagem-1024x1024.jpg 1024w, https:\/\/coronelxavierchaves.mg.gov.br\/prefeitura\/wp-content\/uploads\/2021\/03\/24-Segundo-Levantamento-LIA-imagem-300x300.jpg 300w, https:\/\/coronelxavierchaves.mg.gov.br\/prefeitura\/wp-content\/uploads\/2021\/03\/24-Segundo-Levantamento-LIA-imagem-130x130.jpg 130w, https:\/\/coronelxavierchaves.mg.gov.br\/prefeitura\/wp-content\/uploads\/2021\/03\/24-Segundo-Levantamento-LIA-imagem-scaled.jpg 768w, https:\/\/coronelxavierchaves.mg.gov.br\/prefeitura\/wp-content\/uploads\/2021\/03\/24-Segundo-Levantamento-LIA-imagem-1536x1536.jpg 1536w, https:\/\/coronelxavierchaves.mg.gov.br\/prefeitura\/wp-content\/uploads\/2021\/03\/24-Segundo-Levantamento-LIA-imagem-2048x2048.jpg 2048w, https:\/\/coronelxavierchaves.mg.gov.br\/prefeitura\/wp-content\/uploads\/2021\/03\/24-Segundo-Levantamento-LIA-imagem-696x696.jpg 696w, https:\/\/coronelxavierchaves.mg.gov.br\/prefeitura\/wp-content\/uploads\/2021\/03\/24-Segundo-Levantamento-LIA-imagem-1068x1068.jpg 1068w, https:\/\/coronelxavierchaves.mg.gov.br\/prefeitura\/wp-content\/uploads\/2021\/03\/24-Segundo-Levantamento-LIA-imagem-420x420.jpg 420w, https:\/\/coronelxavierchaves.mg.gov.br\/prefeitura\/wp-content\/uploads\/2021\/03\/24-Segundo-Levantamento-LIA-imagem-1920x1920.jpg 1920w, https:\/\/coronelxavierchaves.mg.gov.br\/prefeitura\/wp-content\/uploads\/2021\/03\/24-Segundo-Levantamento-LIA-imagem-45x45.jpg 45w\" sizes=\"auto, (max-width: 696px) 100vw, 696px\" \/><\/p>\n","protected":false},"excerpt":{"rendered":"<p>O setor de epidemiologia de Coronel Xavier Chaves realizou no m\u00eas de mar\u00e7o, o segundo Levantamento R\u00e1pido do \u00cdndice de Infesta\u00e7\u00e3o por Aedes Aegypti (LIA) de 2021. A pesquisa baseia-se em realizar m\u00e9todos de amostragem e mapeamento de \u00edndices de infesta\u00e7\u00e3o e tipos de criadouros do Aedes Aegypti nas \u00e1reas urbanas. A inspe\u00e7\u00e3o para coleta [&hellip;]<\/p>\n","protected":false},"author":3,"featured_media":9625,"comment_status":"open","ping_status":"open","sticky":false,"template":"","format":"standard","meta":{"footnotes":"","_links_to":"","_links_to_target":""},"categories":[1],"tags":[],"class_list":{"0":"post-9624","1":"post","2":"type-post","3":"status-publish","4":"format-standard","5":"has-post-thumbnail","7":"category-noticias"},"_links":{"self":[{"href":"https:\/\/coronelxavierchaves.mg.gov.br\/prefeitura\/wp-json\/wp\/v2\/posts\/9624","targetHints":{"allow":["GET"]}}],"collection":[{"href":"https:\/\/coronelxavierchaves.mg.gov.br\/prefeitura\/wp-json\/wp\/v2\/posts"}],"about":[{"href":"https:\/\/coronelxavierchaves.mg.gov.br\/prefeitura\/wp-json\/wp\/v2\/types\/post"}],"author":[{"embeddable":true,"href":"https:\/\/coronelxavierchaves.mg.gov.br\/prefeitura\/wp-json\/wp\/v2\/users\/3"}],"replies":[{"embeddable":true,"href":"https:\/\/coronelxavierchaves.mg.gov.br\/prefeitura\/wp-json\/wp\/v2\/comments?post=9624"}],"version-history":[{"count":1,"href":"https:\/\/coronelxavierchaves.mg.gov.br\/prefeitura\/wp-json\/wp\/v2\/posts\/9624\/revisions"}],"predecessor-version":[{"id":9627,"href":"https:\/\/coronelxavierchaves.mg.gov.br\/prefeitura\/wp-json\/wp\/v2\/posts\/9624\/revisions\/9627"}],"wp:featuredmedia":[{"embeddable":true,"href":"https:\/\/coronelxavierchaves.mg.gov.br\/prefeitura\/wp-json\/wp\/v2\/media\/9625"}],"wp:attachment":[{"href":"https:\/\/coronelxavierchaves.mg.gov.br\/prefeitura\/wp-json\/wp\/v2\/media?parent=9624"}],"wp:term":[{"taxonomy":"category","embeddable":true,"href":"https:\/\/coronelxavierchaves.mg.gov.br\/prefeitura\/wp-json\/wp\/v2\/categories?post=9624"},{"taxonomy":"post_tag","embeddable":true,"href":"https:\/\/coronelxavierchaves.mg.gov.br\/prefeitura\/wp-json\/wp\/v2\/tags?post=9624"}],"curies":[{"name":"wp","href":"https:\/\/api.w.org\/{rel}","templated":true}]}}