{"id":9642,"date":"2021-03-19T08:11:21","date_gmt":"2021-03-19T11:11:21","guid":{"rendered":"http:\/\/coronelxavierchaves.mg.gov.br\/prefeitura\/?p=9642"},"modified":"2021-03-19T08:11:21","modified_gmt":"2021-03-19T11:11:21","slug":"atencao-proprietarios-de-terrenos-baldios-em-coronel-xavier-chaves","status":"publish","type":"post","link":"https:\/\/coronelxavierchaves.mg.gov.br\/prefeitura\/2021\/03\/19\/atencao-proprietarios-de-terrenos-baldios-em-coronel-xavier-chaves\/","title":{"rendered":"Aten\u00e7\u00e3o propriet\u00e1rios de terrenos baldios em Coronel Xavier Chaves!"},"content":{"rendered":"<p style=\"text-align: justify;\">A falta de limpeza dos terrenos baldios provoca o ac\u00famulo de lixo e entulho e o crescimento da vegeta\u00e7\u00e3o. Estes fatores t\u00eam como consequ\u00eancia a prolifera\u00e7\u00e3o de roedores, insetos e animais pe\u00e7onhentos, al\u00e9m de facilitar a forma\u00e7\u00e3o de dep\u00f3sitos de \u00e1gua que se tornam criadouros para o mosquito Aedes Aegypti. A limpeza destes espa\u00e7os \u00e9 de total responsabilidade de seus donos, nesse sentido \u00e9 necess\u00e1rio que os propriet\u00e1rios mantenham a limpeza de seus terrenos em dia.<\/p>\n<p style=\"text-align: justify;\">O setor de epidemiologia enviar\u00e1 notifica\u00e7\u00f5es \u00e0queles que possuem lotes que n\u00e3o atendem \u00e0s condi\u00e7\u00f5es estabelecidas. Os propriet\u00e1rios que n\u00e3o cumprirem a solicita\u00e7\u00e3o da notifica\u00e7\u00e3o receber\u00e3o uma multa e ser\u00e3o cobrados pelas despesas de limpeza que, por consequ\u00eancia do descumprimento, ser\u00e1 feita pelo setor competente.<\/p>\n<p>&nbsp;<\/p>\n","protected":false},"excerpt":{"rendered":"<p>A falta de limpeza dos terrenos baldios provoca o ac\u00famulo de lixo e entulho e o crescimento da vegeta\u00e7\u00e3o. Estes fatores t\u00eam como consequ\u00eancia a prolifera\u00e7\u00e3o de roedores, insetos e animais pe\u00e7onhentos, al\u00e9m de facilitar a forma\u00e7\u00e3o de dep\u00f3sitos de \u00e1gua que se tornam criadouros para o mosquito Aedes Aegypti. A limpeza destes espa\u00e7os \u00e9 [&hellip;]<\/p>\n","protected":false},"author":3,"featured_media":9643,"comment_status":"open","ping_status":"open","sticky":false,"template":"","format":"standard","meta":{"footnotes":"","_links_to":"","_links_to_target":""},"categories":[1],"tags":[],"class_list":{"0":"post-9642","1":"post","2":"type-post","3":"status-publish","4":"format-standard","5":"has-post-thumbnail","7":"category-noticias"},"_links":{"self":[{"href":"https:\/\/coronelxavierchaves.mg.gov.br\/prefeitura\/wp-json\/wp\/v2\/posts\/9642","targetHints":{"allow":["GET"]}}],"collection":[{"href":"https:\/\/coronelxavierchaves.mg.gov.br\/prefeitura\/wp-json\/wp\/v2\/posts"}],"about":[{"href":"https:\/\/coronelxavierchaves.mg.gov.br\/prefeitura\/wp-json\/wp\/v2\/types\/post"}],"author":[{"embeddable":true,"href":"https:\/\/coronelxavierchaves.mg.gov.br\/prefeitura\/wp-json\/wp\/v2\/users\/3"}],"replies":[{"embeddable":true,"href":"https:\/\/coronelxavierchaves.mg.gov.br\/prefeitura\/wp-json\/wp\/v2\/comments?post=9642"}],"version-history":[{"count":1,"href":"https:\/\/coronelxavierchaves.mg.gov.br\/prefeitura\/wp-json\/wp\/v2\/posts\/9642\/revisions"}],"predecessor-version":[{"id":9644,"href":"https:\/\/coronelxavierchaves.mg.gov.br\/prefeitura\/wp-json\/wp\/v2\/posts\/9642\/revisions\/9644"}],"wp:featuredmedia":[{"embeddable":true,"href":"https:\/\/coronelxavierchaves.mg.gov.br\/prefeitura\/wp-json\/wp\/v2\/media\/9643"}],"wp:attachment":[{"href":"https:\/\/coronelxavierchaves.mg.gov.br\/prefeitura\/wp-json\/wp\/v2\/media?parent=9642"}],"wp:term":[{"taxonomy":"category","embeddable":true,"href":"https:\/\/coronelxavierchaves.mg.gov.br\/prefeitura\/wp-json\/wp\/v2\/categories?post=9642"},{"taxonomy":"post_tag","embeddable":true,"href":"https:\/\/coronelxavierchaves.mg.gov.br\/prefeitura\/wp-json\/wp\/v2\/tags?post=9642"}],"curies":[{"name":"wp","href":"https:\/\/api.w.org\/{rel}","templated":true}]}}