{"id":9782,"date":"2021-03-31T18:28:35","date_gmt":"2021-03-31T21:28:35","guid":{"rendered":"https:\/\/coronelxavierchaves.mg.gov.br\/prefeitura\/?p=9782"},"modified":"2021-03-31T18:28:35","modified_gmt":"2021-03-31T21:28:35","slug":"comunicado-sobre-a-entrega-das-atividades-escolares-2","status":"publish","type":"post","link":"https:\/\/coronelxavierchaves.mg.gov.br\/prefeitura\/2021\/03\/31\/comunicado-sobre-a-entrega-das-atividades-escolares-2\/","title":{"rendered":"Comunicado sobre a entrega das atividades escolares"},"content":{"rendered":"<p style=\"text-align: justify;\">Senhores pais e respons\u00e1veis pelos alunos da Escola Municipal &#8220;Sebasti\u00e3o Patr\u00edcio Pinto&#8221;, fiquem atentos \u00e0 data e aos hor\u00e1rios das entregas de atividades escolares<img loading=\"lazy\" decoding=\"async\" class=\"aligncenter wp-image-9784 size-large\" src=\"http:\/\/coronelxavierchaves.mg.gov.br\/prefeitura\/wp-content\/uploads\/2021\/03\/18-Comunicado-entrega-atividades-05-04-768x1024.jpg\" alt=\"\" width=\"696\" height=\"928\" srcset=\"https:\/\/coronelxavierchaves.mg.gov.br\/prefeitura\/wp-content\/uploads\/2021\/03\/18-Comunicado-entrega-atividades-05-04-768x1024.jpg 768w, https:\/\/coronelxavierchaves.mg.gov.br\/prefeitura\/wp-content\/uploads\/2021\/03\/18-Comunicado-entrega-atividades-05-04-225x300.jpg 225w, https:\/\/coronelxavierchaves.mg.gov.br\/prefeitura\/wp-content\/uploads\/2021\/03\/18-Comunicado-entrega-atividades-05-04-1152x1536.jpg 1152w, https:\/\/coronelxavierchaves.mg.gov.br\/prefeitura\/wp-content\/uploads\/2021\/03\/18-Comunicado-entrega-atividades-05-04-1536x2048.jpg 1536w, https:\/\/coronelxavierchaves.mg.gov.br\/prefeitura\/wp-content\/uploads\/2021\/03\/18-Comunicado-entrega-atividades-05-04-696x928.jpg 696w, https:\/\/coronelxavierchaves.mg.gov.br\/prefeitura\/wp-content\/uploads\/2021\/03\/18-Comunicado-entrega-atividades-05-04-1068x1424.jpg 1068w, https:\/\/coronelxavierchaves.mg.gov.br\/prefeitura\/wp-content\/uploads\/2021\/03\/18-Comunicado-entrega-atividades-05-04-315x420.jpg 315w, https:\/\/coronelxavierchaves.mg.gov.br\/prefeitura\/wp-content\/uploads\/2021\/03\/18-Comunicado-entrega-atividades-05-04-scaled.jpg 576w\" sizes=\"auto, (max-width: 696px) 100vw, 696px\" \/><\/p>\n","protected":false},"excerpt":{"rendered":"<p>Senhores pais e respons\u00e1veis pelos alunos da Escola Municipal &#8220;Sebasti\u00e3o Patr\u00edcio Pinto&#8221;, fiquem atentos \u00e0 data e aos hor\u00e1rios das entregas de atividades escolares<\/p>\n","protected":false},"author":3,"featured_media":9783,"comment_status":"open","ping_status":"open","sticky":false,"template":"","format":"standard","meta":{"footnotes":"","_links_to":"","_links_to_target":""},"categories":[1],"tags":[],"class_list":{"0":"post-9782","1":"post","2":"type-post","3":"status-publish","4":"format-standard","5":"has-post-thumbnail","7":"category-noticias"},"_links":{"self":[{"href":"https:\/\/coronelxavierchaves.mg.gov.br\/prefeitura\/wp-json\/wp\/v2\/posts\/9782","targetHints":{"allow":["GET"]}}],"collection":[{"href":"https:\/\/coronelxavierchaves.mg.gov.br\/prefeitura\/wp-json\/wp\/v2\/posts"}],"about":[{"href":"https:\/\/coronelxavierchaves.mg.gov.br\/prefeitura\/wp-json\/wp\/v2\/types\/post"}],"author":[{"embeddable":true,"href":"https:\/\/coronelxavierchaves.mg.gov.br\/prefeitura\/wp-json\/wp\/v2\/users\/3"}],"replies":[{"embeddable":true,"href":"https:\/\/coronelxavierchaves.mg.gov.br\/prefeitura\/wp-json\/wp\/v2\/comments?post=9782"}],"version-history":[{"count":1,"href":"https:\/\/coronelxavierchaves.mg.gov.br\/prefeitura\/wp-json\/wp\/v2\/posts\/9782\/revisions"}],"predecessor-version":[{"id":9785,"href":"https:\/\/coronelxavierchaves.mg.gov.br\/prefeitura\/wp-json\/wp\/v2\/posts\/9782\/revisions\/9785"}],"wp:featuredmedia":[{"embeddable":true,"href":"https:\/\/coronelxavierchaves.mg.gov.br\/prefeitura\/wp-json\/wp\/v2\/media\/9783"}],"wp:attachment":[{"href":"https:\/\/coronelxavierchaves.mg.gov.br\/prefeitura\/wp-json\/wp\/v2\/media?parent=9782"}],"wp:term":[{"taxonomy":"category","embeddable":true,"href":"https:\/\/coronelxavierchaves.mg.gov.br\/prefeitura\/wp-json\/wp\/v2\/categories?post=9782"},{"taxonomy":"post_tag","embeddable":true,"href":"https:\/\/coronelxavierchaves.mg.gov.br\/prefeitura\/wp-json\/wp\/v2\/tags?post=9782"}],"curies":[{"name":"wp","href":"https:\/\/api.w.org\/{rel}","templated":true}]}}